{"id":375,"date":"2024-10-01T07:59:18","date_gmt":"2024-10-01T07:59:18","guid":{"rendered":"https:\/\/pasaulioziniasklaida.lt\/index.php\/2024\/10\/01\/izraelio-zygis-i-libana-jautesi-neisvengiamas-bet-jie-nores-isvengti-plataus-masto-invazijos-pasaulio-naujienos\/"},"modified":"2024-10-01T09:40:28","modified_gmt":"2024-10-01T09:40:28","slug":"izraelio-zygis-i-libana-jautesi-neisvengiamas-bet-jie-nores-isvengti-plataus-masto-invazijos-pasaulio-naujienos","status":"publish","type":"post","link":"https:\/\/pasaulioziniasklaida.lt\/index.php\/2024\/10\/01\/izraelio-zygis-i-libana-jautesi-neisvengiamas-bet-jie-nores-isvengti-plataus-masto-invazijos-pasaulio-naujienos\/","title":{"rendered":"Izraelio \u017eygis \u012f Liban\u0105 jaut\u0117si nei\u0161vengiamas, bet jie nor\u0117s i\u0161vengti plataus masto invazijos | Pasaulio naujienos"},"content":{"rendered":"\n<div data-component-name=\"ui-article-body\" data-highlight-intro=\"true\">\n<p>Nepaisant vis da\u017en\u0117jan\u010di\u0173 s\u0105junginink\u0173 raginim\u0173 nutraukti ugn\u012f, Izraelio \u017eygis per savo sien\u0105 \u012f Liban\u0105 atrod\u0117 kaip nei\u0161vengiamas kitas \u017eingsnis po kelias dienas trukusi\u0173 baud\u017eiam\u0173j\u0173 oro antskryd\u017ei\u0173.<\/p>\n<p>Kariuomen\u0117 savo operacij\u0105 prie\u0161 \u201eHezbollah\u201c apib\u016bdino kaip <strong>\u201eribota, lokalizuota ir tikslinga\u201c<\/strong>.<\/p>\n<p>Izraelio paj\u0117gos <a href=\"https:\/\/agrobite.lt\/lietuva\/nuomones\/jaunu-zmoniu-trukumas-kaip-pritraukti-jaunima-i-zemes-uki\">tikrai nor\u0117s<\/a> i\u0161vengti plataus masto invazijos, atsi\u017evelgiant \u012f paskutin\u012f sausumos kar\u0105 <strong>Libanas<\/strong> 2006 m. buvo brangus, sunkus ir baig\u0117si atsitraukimu.<\/p>\n<p><strong>Sekite naujausi\u0105 informacij\u0105: Izraelio sausumos paj\u0117gos atakuoja \u201eHezbollah\u201c taikinius Libane<\/strong><\/p>\n<p>Ta\u010diau \u0161\u012f kart\u0105 pagreitis buvo su Izraeliu po dvi savaites trukusios Irano remiam\u0173 sukarint\u0173 paj\u0117g\u0173 puolimo, kuris prasid\u0117jo slapta misija sunaikinti j\u0173 ry\u0161io \u012frenginius ir baig\u0117si jo lyderio \u017e\u016btimi per antskryd\u012f Beirutui.<\/p>\n<p>Tai rei\u0161kia \u201eHezbollah\u201c <a href=\"https:\/\/teisineskonsultacijos.lt\/apie-mus-teisines-konsultacijos\/\">geb\u0117jim\u0105 vadovauti<\/a> bet kokiai veiksmingai kontratakai <strong>Izraelis<\/strong> bus smarkiai pakenkta.<\/p>\n<div class=\"sdc-article-widget sdc-article-image\">\n<figure class=\"sdc-article-image__figure\">\n<div class=\"sdc-article-image__wrapper\" data-aspect-ratio=\"16\/9\"><\/div><figcaption class=\"ui-media-caption\"><span class=\"u-hide-visually\">Vaizdas:<\/span><br \/>\n<span class=\"ui-media-caption__caption-text\">Izraelio tankas manevruoja netoli Izraelio ir Libano sienos Nuotr.: AP<br \/>\n<\/span><\/figcaption><\/figure>\n<\/div>\n<p>Izraelis nor\u0117s i\u0161naudoti chaos\u0105 ir kovoti kaip \u012fmanydamas, kad pasiekt\u0173 u\u017esibr\u0117\u017et\u0105 tiksl\u0105 \u2013 stumti <strong>\u201eHezbollah\u201c.<\/strong> paj\u0117gos gr\u012f\u017eta nuo sienos piet\u0173 Libane ir u\u017eima visas kovotoj\u0173 pozicijas, kad grupuot\u0117 nebegal\u0117t\u0173 \u0161audyti raket\u0173 \u012f \u0161iaur\u0117s Izrael\u012f.<\/p>\n<p>\u201eHezbollah\u201c suaktyvino raket\u0173 ir bepilo\u010di\u0173 orlaivi\u0173 atakas prie\u0161 Izraelio taikinius \u0161iaur\u0117je kit\u0105 dien\u0105 po spalio 7 d. <strong>Hamas<\/strong> \u017eiaurumus prie\u0161 Izrael\u012f pietuose.<\/p>\n<p>Did\u0117janti gr\u0117sm\u0117 paskatino Izrael\u012f evakuoti apie 60 000 civili\u0173 i\u0161 miest\u0173, kaim\u0173 ir ma\u017e\u0173 \u016bkinink\u0173 bendruomeni\u0173, besiribojan\u010di\u0173 su \u0161iaurine siena.<\/p>\n<div class=\"sdc-article-widget sdc-article-image\">\n<figure class=\"sdc-article-image__figure\">\n<div class=\"sdc-article-image__wrapper\" data-aspect-ratio=\"16\/9\"><img decoding=\"async\" class=\"sdc-article-image__item\" src=\"https:\/\/e3.365dm.com\/24\/10\/768x432\/skynews-smoke-israeli-beirut_6702251.jpg?20241001064706\" sizes=\"(min-width: 1024px) 1024px, 100vw\" srcset=\"https:\/\/e3.365dm.com\/24\/10\/384x216\/skynews-smoke-israeli-beirut_6702251.jpg?20241001064706 380w, https:\/\/e3.365dm.com\/24\/10\/768x432\/skynews-smoke-israeli-beirut_6702251.jpg?20241001064706 760w, https:\/\/e3.365dm.com\/24\/10\/1600x900\/skynews-smoke-israeli-beirut_6702251.jpg?20241001064706 1024w, https:\/\/e3.365dm.com\/24\/10\/2048x1152\/skynews-smoke-israeli-beirut_6702251.jpg?20241001064706 2048w\" alt=\"D\u016bmai kyla i\u0161 Izraelio antskryd\u017eio, smogusio pietiniame Beiruto priemiestyje.  Nuotrauka: Reuters\" \/><\/div><figcaption class=\"ui-media-caption\"><span class=\"u-hide-visually\">Vaizdas:<\/span><br \/>\n<span class=\"ui-media-caption__caption-text\">D\u016bmai kyla i\u0161 Izraelio antskryd\u017eio, smogusio pietiniame Beiruto priemiestyje. Nuotrauka: Reuters<br \/>\n<\/span><\/figcaption><\/figure>\n<\/div>\n<p><strong>Skaityti daugiau:<br \/>\nT\u016bkstan\u010diai \u017emoni\u0173 b\u0117ga i\u0161 Libano \u012f Sirij\u0105<br \/>\nAr platesnis karas Artimuosiuose Rytuose dabar nei\u0161vengiamas?<\/strong><\/p>\n<p><strong>Ministras Pirmininkas Benjaminas Netanyahu<\/strong> <a href=\"https:\/\/www.instagram.com\/saulius__narbutas\/\">dabar pa\u017ead\u0117jo<\/a> sudaryti s\u0105lygas jiems gr\u012f\u017eti.<\/p>\n<p>Bet <strong>Hassanas Nasrallah<\/strong>ilgametis Hezbollah lyderis, kuris buvo <strong>\u017euvo per oro antskryd\u012f pra\u0117jus\u012f penktadien\u012f<\/strong>likus kelioms dienoms iki mirties prisiek\u0117 neleisti Izraeliui pasiekti savo tikslo.<\/p>\n<p>Tai rei\u0161kia, kad jei \u201eHezbollah\u201c sugeb\u0117s pertvarkyti savo gretas, Izraelio paj\u0117gos susidurs su dideliu pasiprie\u0161inimu vietoje, o likusi Izraelio dalis gali susidurti su daug intensyvesniu raket\u0173 sm\u016bgiu.<\/p>\n<p>Ta\u010diau Izraelis atrodo ir skamba itin pasitikintis po to, kai suaktyv\u0117jo atakos prie\u0161 \u201eHezbollah\u201c ir kitas su Iranu susietas grupuotes, kurios dar nesuk\u0117l\u0117 did\u017eiulio ugnies sugr\u012f\u017eimo.<\/p>\n<div class=\"sdc-article-widget sdc-article-strapline sdc-article-strapline--default-layout\" data-component-name=\"sdc-article-strapline\">\n<div class=\"sdc-article-strapline__link\">\n<div class=\"sdc-article-strapline__image-wrap\"><picture><source srcset=\"https:\/\/e3.365dm.com\/24\/03\/320x180\/skynews-gfxwhatsapppromo-gfxwhatsapp_6490206.png 320w, https:\/\/e3.365dm.com\/24\/03\/640x380\/skynews-gfxwhatsapppromo-gfxwhatsapp_6490206.png 640w\" media=\"(max-width: 480px)\" \/><source srcset=\"https:\/\/e3.365dm.com\/24\/03\/256x256\/skynews-gfxwhatsapppromo-gfxwhatsapp_6490206.png 256w, https:\/\/e3.365dm.com\/24\/03\/512x512\/skynews-gfxwhatsapppromo-gfxwhatsapp_6490206.png 512w\" media=\"(min-width: 481px)\" \/><img decoding=\"async\" class=\"sdc-article-strapline__image\" src=\"https:\/\/e3.365dm.com\/24\/03\/512x512\/skynews-gfxwhatsapppromo-gfxwhatsapp_6490206.png\" alt=\"Sekite Sky News per WhatsApp\" \/><\/picture><\/div>\n<div class=\"sdc-article-strapline__body\"><span class=\"sdc-article-strapline__title\">Sekite Sky News per WhatsApp<\/span><\/p>\n<p class=\"sdc-article-strapline__text\">Sekite visas naujausias naujienas i\u0161 JK ir viso pasaulio steb\u0117dami \u201eSky News\u201c.<\/p>\n<p>Bakstel\u0117kite \u010dia<\/p>\n<\/div>\n<\/div>\n<\/div>\n<p>Ypa\u010d Teheranas iki \u0161iol buvo nutildytas, nes svarsto, kaip reaguoti \u012f daugyb\u0119 Izraelio vykdom\u0173 eskalacij\u0173, kurios, priklausomai nuo Irano atsako, gali peraugti \u012f visapus\u012f regionin\u012f kar\u0105. Ta\u010diau Irano re\u017eimas per daug suvoks, kad toks i\u0161siver\u017eimas \u2013 nors ir pra\u017e\u016btingas visiems \u2013 gali kelti gr\u0117sm\u0119 pa\u010diam jo i\u0161likimui.<\/p>\n<p>Jei Izraelis tik\u0117s, kad gali pasiekti savo karo tikslus vien tik ribota sausumos invazija \u012f Liban\u0105, jis tikrai nesistengs per daug i\u0161tiesti rankos, atsi\u017evelgiant \u012f tai, kad \u0161iuo nepaprastai nepastoviu metu kitur gali i\u0161kilti nauji frontai.<\/p>\n<\/div>\n\n<p><a href=\"https:\/\/news.sky.com\/story\/israels-march-into-lebanon-felt-inevitable-but-they-will-want-to-avoid-full-scale-invasion-13225656\">Source link <\/a><\/p>\n","protected":false},"excerpt":{"rendered":"<p>Nepaisant vis da\u017en\u0117jan\u010di\u0173 s\u0105junginink\u0173 raginim\u0173 nutraukti ugn\u012f, Izraelio \u017eygis per savo sien\u0105 \u012f Liban\u0105 atrod\u0117 kaip nei\u0161vengiamas kitas \u017eingsnis po kelias dienas trukusi\u0173 baud\u017eiam\u0173j\u0173 oro antskryd\u017ei\u0173. Kariuomen\u0117 savo operacij\u0105 prie\u0161 \u201eHezbollah\u201c apib\u016bdino kaip \u201eribota, lokalizuota ir tikslinga\u201c. Izraelio paj\u0117gos tikrai nor\u0117s i\u0161vengti plataus masto invazijos, atsi\u017evelgiant \u012f paskutin\u012f sausumos kar\u0105 Libanas 2006 m. buvo brangus, [&hellip;]<\/p>\n","protected":false},"author":1,"featured_media":376,"comment_status":"open","ping_status":"open","sticky":false,"template":"","format":"standard","meta":{"om_disable_all_campaigns":false,"_monsterinsights_skip_tracking":false,"_monsterinsights_sitenote_active":false,"_monsterinsights_sitenote_note":"","_monsterinsights_sitenote_category":0,"footnotes":""},"categories":[4],"tags":[587,593,590,19,585,588,584,592,24,586,589,23,591,583],"class_list":["post-375","post","type-post","status-publish","format-standard","has-post-thumbnail","hentry","category-pasaulio-naujienos","tag-bet","tag-invazijos","tag-isvengti","tag-izraelio","tag-jautesi","tag-jie","tag-libana","tag-masto","tag-naujienos","tag-neisvengiamas","tag-nores","tag-pasaulio","tag-plataus","tag-zygis"],"aioseo_notices":[],"_links":{"self":[{"href":"https:\/\/pasaulioziniasklaida.lt\/index.php\/wp-json\/wp\/v2\/posts\/375","targetHints":{"allow":["GET"]}}],"collection":[{"href":"https:\/\/pasaulioziniasklaida.lt\/index.php\/wp-json\/wp\/v2\/posts"}],"about":[{"href":"https:\/\/pasaulioziniasklaida.lt\/index.php\/wp-json\/wp\/v2\/types\/post"}],"author":[{"embeddable":true,"href":"https:\/\/pasaulioziniasklaida.lt\/index.php\/wp-json\/wp\/v2\/users\/1"}],"replies":[{"embeddable":true,"href":"https:\/\/pasaulioziniasklaida.lt\/index.php\/wp-json\/wp\/v2\/comments?post=375"}],"version-history":[{"count":3,"href":"https:\/\/pasaulioziniasklaida.lt\/index.php\/wp-json\/wp\/v2\/posts\/375\/revisions"}],"predecessor-version":[{"id":389,"href":"https:\/\/pasaulioziniasklaida.lt\/index.php\/wp-json\/wp\/v2\/posts\/375\/revisions\/389"}],"wp:featuredmedia":[{"embeddable":true,"href":"https:\/\/pasaulioziniasklaida.lt\/index.php\/wp-json\/wp\/v2\/media\/376"}],"wp:attachment":[{"href":"https:\/\/pasaulioziniasklaida.lt\/index.php\/wp-json\/wp\/v2\/media?parent=375"}],"wp:term":[{"taxonomy":"category","embeddable":true,"href":"https:\/\/pasaulioziniasklaida.lt\/index.php\/wp-json\/wp\/v2\/categories?post=375"},{"taxonomy":"post_tag","embeddable":true,"href":"https:\/\/pasaulioziniasklaida.lt\/index.php\/wp-json\/wp\/v2\/tags?post=375"}],"curies":[{"name":"wp","href":"https:\/\/api.w.org\/{rel}","templated":true}]}}