{"id":463,"date":"2024-10-02T11:43:29","date_gmt":"2024-10-02T11:43:29","guid":{"rendered":"https:\/\/pasaulioziniasklaida.lt\/index.php\/2024\/10\/02\/pristatome-pasaulis-su-richardu-engelu-ir-yalda-hakim-pasaulio-naujienos\/"},"modified":"2024-10-02T11:43:29","modified_gmt":"2024-10-02T11:43:29","slug":"pristatome-pasaulis-su-richardu-engelu-ir-yalda-hakim-pasaulio-naujienos","status":"publish","type":"post","link":"https:\/\/pasaulioziniasklaida.lt\/index.php\/2024\/10\/02\/pristatome-pasaulis-su-richardu-engelu-ir-yalda-hakim-pasaulio-naujienos\/","title":{"rendered":"Pristatome&#8230; Pasaulis su Richardu Engelu ir Yalda Hakim | Pasaulio naujienos"},"content":{"rendered":"<p> <br \/>\n<br \/><\/p>\n<div data-component-name=\"ui-article-body\" data-highlight-intro=\"true\">\n<p>Sky News ir NBC News suvienijo j\u0117gas, kad prad\u0117t\u0173 nauj\u0105 pasaulini\u0173 reikal\u0173 podcast&#8217;\u0105 \u2013 Pasaulis su Richardu Engelu ir Yalda Hakim.  <\/p>\n<p><strong>\ud83d\udc49 Spustel\u0117kite \u010dia, kad u\u017esiprenumeruotum\u0117te \u201ePasaulis su Richardu Engelu ir Yalda Hakim\u201c, kad ir kur gautum\u0117te podcast&#8217;us \ud83d\udc48 <\/strong><\/p>\n<p>Prie\u0161 kit\u0105 savait\u0119 prasid\u0117siant\u012f pirm\u0105j\u012f piln\u0105 epizod\u0105, Richardas Piet\u0173 Libane ir <strong>Yalda<\/strong> sostin\u0117je Beirute dalijasi savo patirtimi dirbant i\u0161 fronto.<\/p>\n<p>Jie prisistato, pasakoja apie savo netradicinius kelius \u012f \u017eurnalistik\u0105 ir pasakoja, kod\u0117l tur\u0117tum\u0117te u\u017esiprenumeruoti \u0161i\u0105 podcast&#8217;\u0105 ir klausytis kiekvien\u0105 savait\u0119.<\/p>\n<p>Epizodai bus rodomi kiekvien\u0105 tre\u010diadien\u012f nuo spalio 9 d.<\/p>\n<\/p><\/div>\n<p><br \/>\n<br \/><a href=\"https:\/\/news.sky.com\/story\/introducing-the-world-with-richard-engel-and-yalda-hakim-13226466\">Source link <\/a><\/p>\n","protected":false},"excerpt":{"rendered":"<p>Sky News ir NBC News suvienijo j\u0117gas, kad prad\u0117t\u0173 nauj\u0105 pasaulini\u0173 reikal\u0173 podcast&#8217;\u0105 \u2013 Pasaulis su Richardu Engelu ir Yalda Hakim. \ud83d\udc49 Spustel\u0117kite \u010dia, kad u\u017esiprenumeruotum\u0117te \u201ePasaulis su Richardu Engelu ir Yalda Hakim\u201c, kad ir kur gautum\u0117te podcast&#8217;us \ud83d\udc48 Prie\u0161 kit\u0105 savait\u0119 prasid\u0117siant\u012f pirm\u0105j\u012f piln\u0105 epizod\u0105, Richardas Piet\u0173 Libane ir Yalda sostin\u0117je Beirute dalijasi savo [&hellip;]<\/p>\n","protected":false},"author":1,"featured_media":464,"comment_status":"open","ping_status":"open","sticky":false,"template":"","format":"standard","meta":{"om_disable_all_campaigns":false,"_monsterinsights_skip_tracking":false,"_monsterinsights_sitenote_active":false,"_monsterinsights_sitenote_note":"","_monsterinsights_sitenote_category":0,"footnotes":""},"categories":[4],"tags":[685,687,24,23,683,682,684,686],"class_list":["post-463","post","type-post","status-publish","format-standard","has-post-thumbnail","hentry","category-pasaulio-naujienos","tag-engelu","tag-hakim","tag-naujienos","tag-pasaulio","tag-pasaulis","tag-pristatome","tag-richardu","tag-yalda"],"aioseo_notices":[],"_links":{"self":[{"href":"https:\/\/pasaulioziniasklaida.lt\/index.php\/wp-json\/wp\/v2\/posts\/463","targetHints":{"allow":["GET"]}}],"collection":[{"href":"https:\/\/pasaulioziniasklaida.lt\/index.php\/wp-json\/wp\/v2\/posts"}],"about":[{"href":"https:\/\/pasaulioziniasklaida.lt\/index.php\/wp-json\/wp\/v2\/types\/post"}],"author":[{"embeddable":true,"href":"https:\/\/pasaulioziniasklaida.lt\/index.php\/wp-json\/wp\/v2\/users\/1"}],"replies":[{"embeddable":true,"href":"https:\/\/pasaulioziniasklaida.lt\/index.php\/wp-json\/wp\/v2\/comments?post=463"}],"version-history":[{"count":0,"href":"https:\/\/pasaulioziniasklaida.lt\/index.php\/wp-json\/wp\/v2\/posts\/463\/revisions"}],"wp:featuredmedia":[{"embeddable":true,"href":"https:\/\/pasaulioziniasklaida.lt\/index.php\/wp-json\/wp\/v2\/media\/464"}],"wp:attachment":[{"href":"https:\/\/pasaulioziniasklaida.lt\/index.php\/wp-json\/wp\/v2\/media?parent=463"}],"wp:term":[{"taxonomy":"category","embeddable":true,"href":"https:\/\/pasaulioziniasklaida.lt\/index.php\/wp-json\/wp\/v2\/categories?post=463"},{"taxonomy":"post_tag","embeddable":true,"href":"https:\/\/pasaulioziniasklaida.lt\/index.php\/wp-json\/wp\/v2\/tags?post=463"}],"curies":[{"name":"wp","href":"https:\/\/api.w.org\/{rel}","templated":true}]}}