{"id":561,"date":"2024-10-11T13:06:21","date_gmt":"2024-10-11T13:06:21","guid":{"rendered":"https:\/\/pasaulioziniasklaida.lt\/index.php\/2024\/10\/11\/marijonas-mikutavicius-esu-zinomas-bet-nereiskia-kad-to-nusipelnes\/"},"modified":"2024-10-11T13:06:21","modified_gmt":"2024-10-11T13:06:21","slug":"marijonas-mikutavicius-esu-zinomas-bet-nereiskia-kad-to-nusipelnes","status":"publish","type":"post","link":"https:\/\/pasaulioziniasklaida.lt\/index.php\/2024\/10\/11\/marijonas-mikutavicius-esu-zinomas-bet-nereiskia-kad-to-nusipelnes\/","title":{"rendered":"Marijonas Mikutavi\u010dius: esu \u017einomas, bet nerei\u0161kia, kad to nusipeln\u0119s"},"content":{"rendered":"<p> <br \/>\n<\/p>\n<div>\n<p class=\"v1MsoNormal\"><b>\u201eA\u0161 esu viso labo pramog\u0173 verslo atstovas ir to net nevadinu profesija\u201d, \u2013 LRT mediatekos laidoje \u201eAnt kabliuko\u201c sako Marijonas Mikutavi\u010dius. Dainininkas i\u0161lieka kuklus ir, nepaisant \u017einomumo ar kiekvienam lietuviui mintinai \u017einom\u0173 jo dain\u0173, tikina, kad neteisingame pasaulyje da\u017enai i\u0161gars\u0117ja ne tie, kurie yra to verti.<\/b><\/p>\n<p class=\"v1MsoNormal\">Vos ant netoli Vilniaus esan\u010dio Tapeli\u0173 e\u017eero kranto u\u017emet\u0119s me\u0161ker\u0119, dainininkas laidoje \u201eAnt kabliuko\u201d atskleid\u017eia savas \u012f\u017evalgas apie pramog\u0173 industrijos u\u017ekulisius, \u0161lov\u0117s laikinum\u0105 ir k\u016brybos nepastovum\u0105. Jo \u017eod\u017eiai skamba kukliai, visgi, dainininkas akcentuoja, jog \u017einomumas ne visada yra pelnytas, o pripa\u017einimas da\u017enai priklauso nuo laikin\u0173 visuomen\u0117s d\u0117mes\u012f pritraukusi\u0173 aplinkybi\u0173.<\/p>\n<p class=\"v1MsoNormal\">\u201eEsu \u017einomas, bet tai nerei\u0161kia, kad gal a\u0161 to nusipeln\u0119s. \u017dvaig\u017ede gali tapti ponia su \u201egeliku\u201d arba d\u0117l to, kad triuk\u0161mingai skiriasi, taikosi ir v\u0117l skiriasi. Yra labai daug talenting\u0173 ir gabi\u0173 \u017emoni\u0173, bet kadangi pasaulis labiau neteisingas nei teisingas, i\u0161 t\u0173 gabi\u0173 \u017emoni\u0173 visus laurus nusiskyn\u0117 neb\u016btinai tas, kuris teisingame pasaulyje b\u016bt\u0173 nusiskyn\u0119s.<\/p>\n<p class=\"v1MsoNormal\">Tie \u017emon\u0117s, kurie prie\u0161 20 met\u0173 k\u016br\u0117 geras dainas ir visi juos ne\u0161iojo ant rank\u0173, staiga po 5 met\u0173 galb\u016bt niekam nereikalingi. Jei menas ir k\u016bryba yra objektyvi ir galinga, tai netur\u0117t\u0173 kisti, bet ateina nauja karta, kuri nebenori to klausyti, nes jiems ne\u012fdomu, jie turi kitus modernius supratimus ir menas n\u0117ra nesibaigiantis. Lieka tik unikumai, d\u0117l kuri\u0173 gin\u010dytis negali. O d\u0117l man\u0119s \u2013 gali\u201d, \u2013 laidoje kalba M. Mikutavi\u010dius.<\/p>\n<p class=\"v1MsoNormal\">Dainininkas pripa\u017e\u012fsta, kad vadinamoji \u017evaig\u017ed\u017ei\u0173 liga neaplenk\u0117 ir jo, nors tuo metu jis nesijaut\u0117 ja sergantis. \u201eAtsimenu gyvenom burbule, draug\u0173 kompanijoje, kurioje jaut\u0117m\u0117s faini patys sau. O tik v\u0117liau i\u0161girdau i\u0161 mus i\u0161 \u0161alies ma\u010diusi\u0173, kad elg\u0117m\u0117s kaip pasik\u0117l\u0119 pi\u017eonai\u201d,\u00a0<b>\u2013<\/b>\u00a0pripa\u017e\u012fsta M. Mikutavi\u010dius.<\/p>\n<p class=\"v1MsoNormal\">Laidoje vyras pasakoja, kad suskambus telefonui, visuomet stengiasi j\u012f pakelti, o jei nesp\u0117ja \u2013 perskambinti, ta\u010diau tuo pa\u010diu vertina ir sav\u0105j\u0105 ramyb\u0119, mat su metais at\u0117j\u0119s brandus po\u017ei\u016bris i\u0161mok\u0117, jog tikrieji poky\u010diai visuomet prasideda nuo sav\u0119s.<\/p>\n<p class=\"v1MsoNormal\">\u201eMano gyvenime yra buv\u0119, kai a\u0161 neatsiliepiau laiku ir praradau \u017emones. Gal nesu d\u0117l to kaltas, gal taip tur\u0117jo \u012fvykti anks\u010diau ar v\u0117liau, bet tiesiog tuo metu sau pasakiau, kad reikia atsiliepti ir reikia perskambinti \u017emon\u0117ms, nes ne\u017einai, kas atsitiko. Nors kartais vis tiek to nepadarau, bet stengiuosi.<\/p>\n<p class=\"v1MsoNormal\">Visgi, su savo fatalizmu supratau, kad nieko tam pasauliui neatsitinka, jeigu nepakeli to skambu\u010dio. Nei\u0161siver\u017eia Etna, neu\u017epila pelenais Vilniaus, nesustoja Vilnel\u0117. Viskas ka\u017ekaip i\u0161sisprend\u017eia. Juk nesi dvide\u0161imtmetis jaunuolis, kuris trok\u0161ta daryti visk\u0105. A\u0161 pradedu vertinti ir saugoti savo sveikat\u0105, savo ramyb\u0119. Nesu gim\u0119s, kad pakeis\u010diau pasaul\u012f. Gal prie\u0161 20 met\u0173 atrod\u0117, kad \u012fmanoma, bet dabar esu pakankamai suaug\u0119s, kad suvok\u010diau, jog grei\u010diausiai ne. Ir d\u0117l to prieini prie i\u0161vados, kad turi daryti dalykus, kurie svarb\u016bs tau, tavo s\u0105\u017einei ir savijautai\u201d, \u2013 teigia dainininkas.<\/p>\n<p class=\"v1MsoNormal\">Laidoje Marijonas itin atviras ir apie \u017einom\u0173 \u017emoni\u0173 demonstruojam\u0105 svajoni\u0173 gyvenim\u0105, kuris i\u0161 ties\u0173 realyb\u0117je da\u017enai neatitinka sukuriamo \u012fvaizd\u017eio. \u201eA\u0161 nesu mat\u0119s absoliu\u010diai laimingo \u017emogaus\u201d,\u00a0<b>\u2013<\/b>\u00a0sako dainininkas, tikindamas, kad kuo platesn\u0117s \u0161ypsenos nuotraukose, tuo daugiau li\u016bdesio slepiasi u\u017e j\u0173.<\/p>\n<p class=\"v1MsoNormal\">\u201ePasaulyje n\u0117ra surasto gyvenimo b\u016bdo, kuris tinka visiems ir visus padaro laimingais. Mano gyvenimi\u0161ka patirtis rodo, kad yra daug kauki\u0173 ir bandym\u0173 pab\u0117gti nuo savo r\u016bpes\u010di\u0173, bandym\u0173 tai maskuoti.<\/p>\n<p class=\"v1MsoNormal\">Mes gyvenam siekiamybi\u0173, ambicing\u0173 \u017emoni\u0173 pasaulyje, kur turi \u012frodin\u0117ti savo vert\u0119, turi stengtis, bet i\u0161 esm\u0117s tai nerei\u0161kia laim\u0117s ir tie, kurie \u012f socialinius tinklus kelia kuo didesn\u012f kiek\u012f savo i\u0161si\u0161iepusi\u0173 nuotrauk\u0173, man atrodo, yra ma\u017eiausiai laimingi, nes jiems visuomet reikia t\u0105 \u012frodin\u0117ti, pasirodyti tokiems, kokie n\u0117ra\u201d, \u2013 filosofuoja laidos herojus.<\/p>\n<p class=\"v1MsoNormal\">Prie didel\u0117s Marijono asmenyb\u0117s transformacijos prisid\u0117jo ir gim\u0119s s\u016bnus. Dainininkas man\u0117 b\u016bsiantis tobulas t\u0117vas, ta\u010diau augindamas savo charakter\u012f turint\u012f ma\u017e\u0105 \u017emog\u0173 suprato \u2013 ne visuomet lengva su at\u017eala surasti bendr\u0105 kalb\u0105.<\/p>\n<p class=\"v1MsoNormal\">\u201eS\u016bnus mane pakeit\u0117 i\u0161 esm\u0117s ir d\u0117l to esu d\u0117kingas. Gal kur\u012f laik\u0105 galvojau, kad tai ka\u017ekaip tave stabdo ar riboja t\u0105 pami\u0161im\u0105, prie kurio buvai priprat\u0119s, bet ilgainiui supranti, kad tai gelb\u0117ja, kai atsiranda \u0161eima, moteris, s\u016bnus, kam tu gali pasakyti \u0161velnius \u017eod\u017eius bei juos gauti atgal. S\u016bnui dabar a\u0161tuoneri, jau gali pasigin\u010dyti ir nuleisti tave ant \u017eem\u0117s.<\/p>\n<p class=\"v1MsoNormal\">Pavyzd\u017eiui, kai nuved\u017eiau j\u012f \u017eaisti teniso ir m\u0117ginau parodyti, kaip t\u0105 reikia daryti, jis man\u0119s neklaus\u0117, o su treneriu \u2013 paklusnus. Pasirodo, pasak jo, a\u0161 galb\u016bt \u017einau, bet nemoku paai\u0161kinti. Tai priver\u010dia susim\u0105styti, kas i\u0161 man\u0119s per t\u0117vas, jeigu a\u0161 nesugebu paai\u0161kinti, ypa\u010d kai galvojau, kad b\u016bsiu tobulas t\u0117vas. Ta\u010diau vis tiek tas ry\u0161ys yra geras jausmas. Vaikai atsako \u012f klausim\u0105, kur gyvenimo prasm\u0117. Matyt, mumyse tai u\u017ekoduota\u201d, \u2013 sako Marijonas.<\/p>\n<p class=\"v1MsoNormal\">Kas yra nusipelniusios \u017evaig\u017ed\u0117s pramog\u0173 industrijoje, koki\u0173 istorij\u0173 apie savo dainas gird\u0117j\u0119s i\u0161 gerb\u0117j\u0173 ir kam perleist\u0173 tur\u0117t\u0105 svajoni\u0173 jaunikio titul\u0105 \u2013 pokalbis su dainininku Marijonu Mikutavi\u010diumi\u00a0laidoje \u201eAnt kabliuko\u201d tik LRT mediatekoje.<\/p>\n<div class=\"g g-43\">\n<div class=\"g-single a-213\"><\/div>\n<\/div>\n<\/div>\n<p><script>(function(d, s, id) {\nvar js, fjs = d.getElementsByTagName(s)[0];\nif (d.getElementById(id)) return;\njs = d.createElement(s); js.id = id;\njs.src = \"\/\/connect.facebook.net\/lt_LT\/sdk.js#xfbml=1&version=v2.10\";\nfjs.parentNode.insertBefore(js, fjs);\n}(document, 'script', 'facebook-jssdk'));<\/script><br \/>\n<br \/><br \/>\n<br \/><a href=\"https:\/\/miestonaujienos.lt\/marijonas-mikutavicius-esu-zinomas-bet-nereiskia-kad-to-nusipelnes\/\">Source link <\/a><\/p>\n","protected":false},"excerpt":{"rendered":"<p>\u201eA\u0161 esu viso labo pramog\u0173 verslo atstovas ir to net nevadinu profesija\u201d, \u2013 LRT mediatekos laidoje \u201eAnt kabliuko\u201c sako Marijonas Mikutavi\u010dius. Dainininkas i\u0161lieka kuklus ir, nepaisant \u017einomumo ar kiekvienam lietuviui mintinai \u017einom\u0173 jo dain\u0173, tikina, kad neteisingame pasaulyje da\u017enai i\u0161gars\u0117ja ne tie, kurie yra to verti. Vos ant netoli Vilniaus esan\u010dio Tapeli\u0173 e\u017eero kranto u\u017emet\u0119s [&hellip;]<\/p>\n","protected":false},"author":1,"featured_media":562,"comment_status":"open","ping_status":"open","sticky":false,"template":"","format":"standard","meta":{"om_disable_all_campaigns":false,"_monsterinsights_skip_tracking":false,"_monsterinsights_sitenote_active":false,"_monsterinsights_sitenote_note":"","_monsterinsights_sitenote_category":0,"footnotes":""},"categories":[3],"tags":[587,1003,291,1001,1002,1005,1006,1004],"class_list":["post-561","post","type-post","status-publish","format-standard","has-post-thumbnail","hentry","category-salies-naujienos","tag-bet","tag-esu","tag-kad","tag-marijonas","tag-mikutavicius","tag-nereiskia","tag-nusipelnes","tag-zinomas"],"aioseo_notices":[],"_links":{"self":[{"href":"https:\/\/pasaulioziniasklaida.lt\/index.php\/wp-json\/wp\/v2\/posts\/561","targetHints":{"allow":["GET"]}}],"collection":[{"href":"https:\/\/pasaulioziniasklaida.lt\/index.php\/wp-json\/wp\/v2\/posts"}],"about":[{"href":"https:\/\/pasaulioziniasklaida.lt\/index.php\/wp-json\/wp\/v2\/types\/post"}],"author":[{"embeddable":true,"href":"https:\/\/pasaulioziniasklaida.lt\/index.php\/wp-json\/wp\/v2\/users\/1"}],"replies":[{"embeddable":true,"href":"https:\/\/pasaulioziniasklaida.lt\/index.php\/wp-json\/wp\/v2\/comments?post=561"}],"version-history":[{"count":0,"href":"https:\/\/pasaulioziniasklaida.lt\/index.php\/wp-json\/wp\/v2\/posts\/561\/revisions"}],"wp:featuredmedia":[{"embeddable":true,"href":"https:\/\/pasaulioziniasklaida.lt\/index.php\/wp-json\/wp\/v2\/media\/562"}],"wp:attachment":[{"href":"https:\/\/pasaulioziniasklaida.lt\/index.php\/wp-json\/wp\/v2\/media?parent=561"}],"wp:term":[{"taxonomy":"category","embeddable":true,"href":"https:\/\/pasaulioziniasklaida.lt\/index.php\/wp-json\/wp\/v2\/categories?post=561"},{"taxonomy":"post_tag","embeddable":true,"href":"https:\/\/pasaulioziniasklaida.lt\/index.php\/wp-json\/wp\/v2\/tags?post=561"}],"curies":[{"name":"wp","href":"https:\/\/api.w.org\/{rel}","templated":true}]}}