{"id":632,"date":"2024-10-19T11:29:53","date_gmt":"2024-10-19T11:29:53","guid":{"rendered":"https:\/\/pasaulioziniasklaida.lt\/index.php\/2024\/10\/19\/batelco-bendradarbiauja-su-thales-siekdama-pazangios-iot-rysio-platformos\/"},"modified":"2024-10-19T11:29:53","modified_gmt":"2024-10-19T11:29:53","slug":"batelco-bendradarbiauja-su-thales-siekdama-pazangios-iot-rysio-platformos","status":"publish","type":"post","link":"https:\/\/pasaulioziniasklaida.lt\/index.php\/2024\/10\/19\/batelco-bendradarbiauja-su-thales-siekdama-pazangios-iot-rysio-platformos\/","title":{"rendered":"\u201eBatelco\u201c bendradarbiauja su \u201eThales\u201c, siekdama pa\u017eangios IoT ry\u0161io platformos"},"content":{"rendered":"<p> <br \/>\n<\/p>\n<div>\n<p><strong>Batelco<\/strong>dalis <strong>Beyon Group<\/strong>pasira\u0161\u0117 partneryst\u0117s sutart\u012f su <strong>Taliai<\/strong>. Susitarim\u0105 pasira\u0161\u0117 \u201eBatelco\u201c generalinis direktorius Maithamas Abdulla ir Guillaume&#8217;as Lafaixas, \u201eThales\u201c VP ry\u0161io sprendimai, dalyvaujant abiej\u0173 subjekt\u0173 vyresniajai vadovybei. Pasira\u0161ymas \u012fvyko per GITEX Global 2024, vyksiant\u012f Dubajaus Pasaulio prekybos centre, JAE spalio 14-18 dienomis.<span id=\"more-147343\"\/><\/p>\n<p>D\u0117l bendradarbiavimo \u201eBatelco\u201c pristatys pa\u017eangi\u0105 daikt\u0173 interneto (IoT) ry\u0161io valdymo platform\u0105, skirt\u0105 verslo savininkams pakeisti daikt\u0173 interneto \u012frengini\u0173 valdym\u0105. \u0160i platforma supaprastina keli\u0173 vartotoj\u0173 ry\u0161i\u0173 ir taisykli\u0173 valdym\u0105 \u012fvairiais naudojimo atvejais, padedant \u012fmon\u0117ms tobulinti savo daikt\u0173 interneto operacijas.<\/p>\n<p>Be to, platforma leis verslo savininkams centralizuoti savo duomenis ir \u017eymiai pagerinti duomen\u0173 perdavimo ir perdavimo galimybes. Tai u\u017etikrina ma\u017e\u0105 dels\u0105 ir geresn\u0117s kokyb\u0117s duomen\u0173 perdavim\u0105, maksimaliai padidina tinklo paj\u0117gum\u0105 \u2013 visa tai u\u017e minimalias i\u0161laidas.<\/p>\n<p>Maithamas Abdulla, \u201eBatelco\u201c generalinis direktorius, sak\u0117: \u201eD\u017eiaugiam\u0117s gal\u0117dami bendradarbiauti su Thales, pasauliniu saugi\u0173 sprendim\u0173, skirt\u0173 sujungtam pasauliui, lydere. \u0160is bendradarbiavimas leid\u017eia klientams pasi\u016blyti pa\u017eangiausi\u0105 IoT valdymo sprendim\u0105, kuris labai pad\u0117s j\u0173 verslo operacijoms ir skaitmenin\u0117s transformacijos pastangoms. Sujung\u0119 \u201eBatelco\u201c sujungimo patirt\u012f su pa\u017eangia \u201eThales\u201c daikt\u0173 interneto technologija, galime pateikti visapusi\u0161k\u0105 platform\u0105, supaprastinan\u010di\u0105 duomen\u0173 ir daikt\u0173 interneto \u012frengini\u0173 valdym\u0105, padidinan\u010di\u0105 efektyvum\u0105 ir produktyvum\u0105 m\u016bs\u0173 klientams.<\/p>\n<p>Guillaume&#8217;as Lafaixas, \u201eThales\u201c ry\u0161io sprendim\u0173 viceprezidentas, sak\u0117: \u201eMums didel\u0117 garb\u0117 bendradarbiauti su Batelco ir pateikti savo klientams de\u0161imtme\u010di\u0173 \u017einias apie ry\u0161io valdym\u0105. I\u0161 ties\u0173, Thales IoT ry\u0161io sprendim\u0173 integravimas \u012f Batelco pasi\u016blym\u0105 suteikt\u0173 savo klientams pa\u017eangi\u0105 platform\u0105 saugiam daikt\u0173 interneto \u012frengini\u0173 ry\u0161io valdymui.<\/p>\n<p><strong>Komentuokite \u0161\u012f straipsn\u012f per X: <a href=\"https:\/\/twitter.com\/IoTNow_\">@IoTNow_<\/a> ir apsilankykite m\u016bs\u0173 pagrindiniame puslapyje IoT Now<\/strong><\/p>\n<\/div>\n<p><script async src=\"\/\/platform.twitter.com\/widgets.js\" charset=\"utf-8\"><\/script><br \/>\n<br \/><br \/>\n<br \/><a href=\"https:\/\/www.iot-now.com\/2024\/10\/18\/147343-batelco-partners-with-thales-for-advanced-iot-connectivity-platform\/\">Source link <\/a><\/p>\n","protected":false},"excerpt":{"rendered":"<p>Batelcodalis Beyon Grouppasira\u0161\u0117 partneryst\u0117s sutart\u012f su Taliai. Susitarim\u0105 pasira\u0161\u0117 \u201eBatelco\u201c generalinis direktorius Maithamas Abdulla ir Guillaume&#8217;as Lafaixas, \u201eThales\u201c VP ry\u0161io sprendimai, dalyvaujant abiej\u0173 subjekt\u0173 vyresniajai vadovybei. Pasira\u0161ymas \u012fvyko per GITEX Global 2024, vyksiant\u012f Dubajaus Pasaulio prekybos centre, JAE spalio 14-18 dienomis. D\u0117l bendradarbiavimo \u201eBatelco\u201c pristatys pa\u017eangi\u0105 daikt\u0173 interneto (IoT) ry\u0161io valdymo platform\u0105, skirt\u0105 verslo savininkams [&hellip;]<\/p>\n","protected":false},"author":1,"featured_media":633,"comment_status":"open","ping_status":"open","sticky":false,"template":"","format":"standard","meta":{"om_disable_all_campaigns":false,"_monsterinsights_skip_tracking":false,"_monsterinsights_sitenote_active":false,"_monsterinsights_sitenote_note":"","_monsterinsights_sitenote_category":0,"footnotes":""},"categories":[602],"tags":[1218,1219,620,1222,1223,698,1221,1220],"class_list":["post-632","post","type-post","status-publish","format-standard","has-post-thumbnail","hentry","category-ismanieji-irenginiai","tag-batelco","tag-bendradarbiauja","tag-iot","tag-pazangios","tag-platformos","tag-rysio","tag-siekdama","tag-thales"],"aioseo_notices":[],"_links":{"self":[{"href":"https:\/\/pasaulioziniasklaida.lt\/index.php\/wp-json\/wp\/v2\/posts\/632","targetHints":{"allow":["GET"]}}],"collection":[{"href":"https:\/\/pasaulioziniasklaida.lt\/index.php\/wp-json\/wp\/v2\/posts"}],"about":[{"href":"https:\/\/pasaulioziniasklaida.lt\/index.php\/wp-json\/wp\/v2\/types\/post"}],"author":[{"embeddable":true,"href":"https:\/\/pasaulioziniasklaida.lt\/index.php\/wp-json\/wp\/v2\/users\/1"}],"replies":[{"embeddable":true,"href":"https:\/\/pasaulioziniasklaida.lt\/index.php\/wp-json\/wp\/v2\/comments?post=632"}],"version-history":[{"count":0,"href":"https:\/\/pasaulioziniasklaida.lt\/index.php\/wp-json\/wp\/v2\/posts\/632\/revisions"}],"wp:featuredmedia":[{"embeddable":true,"href":"https:\/\/pasaulioziniasklaida.lt\/index.php\/wp-json\/wp\/v2\/media\/633"}],"wp:attachment":[{"href":"https:\/\/pasaulioziniasklaida.lt\/index.php\/wp-json\/wp\/v2\/media?parent=632"}],"wp:term":[{"taxonomy":"category","embeddable":true,"href":"https:\/\/pasaulioziniasklaida.lt\/index.php\/wp-json\/wp\/v2\/categories?post=632"},{"taxonomy":"post_tag","embeddable":true,"href":"https:\/\/pasaulioziniasklaida.lt\/index.php\/wp-json\/wp\/v2\/tags?post=632"}],"curies":[{"name":"wp","href":"https:\/\/api.w.org\/{rel}","templated":true}]}}