{"id":648,"date":"2024-10-20T13:06:53","date_gmt":"2024-10-20T13:06:53","guid":{"rendered":"https:\/\/pasaulioziniasklaida.lt\/index.php\/2024\/10\/20\/arestas-del-itariamo-islamo-valstybes-samokslo-uzpulti-izraelio-ambasada-berlyne-pasaulio-naujienos\/"},"modified":"2024-10-20T13:06:53","modified_gmt":"2024-10-20T13:06:53","slug":"arestas-del-itariamo-islamo-valstybes-samokslo-uzpulti-izraelio-ambasada-berlyne-pasaulio-naujienos","status":"publish","type":"post","link":"https:\/\/pasaulioziniasklaida.lt\/index.php\/2024\/10\/20\/arestas-del-itariamo-islamo-valstybes-samokslo-uzpulti-izraelio-ambasada-berlyne-pasaulio-naujienos\/","title":{"rendered":"Are\u0161tas d\u0117l \u012ftariamo \u201eIslamo valstyb\u0117s\u201c s\u0105mokslo u\u017epulti Izraelio ambasad\u0105 Berlyne | Pasaulio naujienos"},"content":{"rendered":"<p> <br \/>\n<\/p>\n<div data-component-name=\"ui-article-body\" data-highlight-intro=\"true\">\n<p>Vyras, \u012ftariamas susij\u0119s su teroristine grupe \u201eIslamo valstyb\u0117\u201c, planav\u0119s \u0161aunam\u0173j\u0173 ginkl\u0173 i\u0161puol\u012f prie\u0161 Izraelio ambasad\u0105 Berlyne, buvo suimtas.<\/p>\n<p>Policija ir kitos saugumo paj\u0117gos sulaik\u0117 vyr\u0105 \u0161e\u0161tadien\u012f Bernau mieste, esan\u010diame prie pat Vokietijos sostin\u0117s, ir ten atliko krat\u0105 jo namuose, sakoma Federalin\u0117s prokurat\u016bros prane\u0161ime.<\/p>\n<p>Jame teigiama, kad \u012ftariamasis yra Libijos pilietis, kur\u012f pareig\u016bnai \u012fvardijo tik kaip Omar\u0105 A.<\/p>\n<p>\u201eJis ketino surengti didelio atgarsio sulaukusi\u0105 atak\u0105 su \u0161aunamaisiais ginklais prie\u0161 Izraelio ambasad\u0105 Berlyne\u201c, \u2013 sakoma parei\u0161kime.<\/p>\n<p>Savo planuose teigiama, kad \u201ekaltinamasis apsikeit\u0117 informacija su IS nariu per pasiuntinio pokalb\u012f\u201c.<\/p>\n<p>Dar viena krata buvo atlikta ne \u012ftariamuoju, o liudytoju laikomo asmens namuose, ra\u0161oma prokurat\u016bros prane\u0161ime.<\/p>\n<p>\u201eM\u016bs\u0173 saugumo institucijos smog\u0117 laiku, kad su\u017elugdyt\u0173 galimus planus u\u017epulti Izraelio ambasad\u0105 Berlyne\u201c, \u2013 sakoma vidaus reikal\u0173 ministr\u0117s Nancy Faeser parei\u0161kime.<\/p>\n<p>\u201eTai rodo, kad \u017eyd\u0173 ir Izraelio institucij\u0173 apsauga m\u016bs\u0173 \u0161alyje yra gyvybi\u0161kai svarbi ir mums nepaprastai svarbi\u201c.<\/p>\n<div class=\"sdc-article-widget sdc-article-image\">\n<figure class=\"sdc-article-image__figure\">\n<div class=\"sdc-article-image__wrapper\" data-aspect-ratio=\"16\/9\">\n          \n    <\/div><figcaption class=\"ui-media-caption\">\n        <span class=\"u-hide-visually\">Vaizdas:<\/span><br \/>\n        <span class=\"ui-media-caption__caption-text\">Policijos automobilis Sankt Augustine. Nuotrauka: AP<br \/>\n        <\/span><br \/>\n      <\/figcaption><\/figure>\n<\/div>\n<p>Tikimasi, kad \u012ftariamasis sekmadien\u012f stos prie\u0161 tyrim\u0105 atliekan\u010diam teis\u0117jui Federaliniame teisingumo teisme Karlsr\u016bh\u0117je, auk\u0161\u010diausiajame \u0161alies teisme, prane\u0161\u0117 prokurat\u016bra.<\/p>\n<p>Laikra\u0161tis Bild pirmasis prane\u0161\u0117 apie \u0161\u012f atvej\u012f, sakydamas, kad sunkiai ginkluotas elito policijos padalinys \u012fsiver\u017e\u0117 \u012f \u012ftariamojo namus Bernau.<\/p>\n<div class=\"sdc-article-widget sdc-article-strapline sdc-article-strapline--default-layout\" data-component-name=\"sdc-article-strapline\">\n<div class=\"sdc-article-strapline__link\">\n<div class=\"sdc-article-strapline__image-wrap\">\n                <picture><source srcset=\"https:\/\/e3.365dm.com\/24\/03\/320x180\/skynews-gfxwhatsapppromo-gfxwhatsapp_6490206.png 320w, https:\/\/e3.365dm.com\/24\/03\/640x380\/skynews-gfxwhatsapppromo-gfxwhatsapp_6490206.png 640w\" media=\"(max-width: 480px)\"><source srcset=\"https:\/\/e3.365dm.com\/24\/03\/256x256\/skynews-gfxwhatsapppromo-gfxwhatsapp_6490206.png 256w, https:\/\/e3.365dm.com\/24\/03\/512x512\/skynews-gfxwhatsapppromo-gfxwhatsapp_6490206.png 512w\" media=\"(min-width: 481px)\"><img decoding=\"async\" loading=\"lazy\" src=\"https:\/\/e3.365dm.com\/24\/03\/512x512\/skynews-gfxwhatsapppromo-gfxwhatsapp_6490206.png\" alt=\"Sekite Sky News per WhatsApp\" class=\"sdc-article-strapline__image\"\/><br \/>\n                <\/source><\/source><\/picture>\n            <\/div>\n<div class=\"sdc-article-strapline__body\">\n                <span class=\"sdc-article-strapline__title\">Sekite Sky News per WhatsApp<\/span><\/p>\n<p class=\"sdc-article-strapline__text\">Sekite visas naujausias naujienas i\u0161 JK ir viso pasaulio steb\u0117dami \u201eSky News\u201c.<\/p>\n<p>                Bakstel\u0117kite \u010dia\n        <\/p><\/div>\n<\/p><\/div>\n<\/p><\/div>\n<p>Pasak laikra\u0161\u010dio, Vokietijos vald\u017eios institucijos veik\u0117 pagal u\u017esienio \u017evalgybos agent\u016bros prane\u0161im\u0105.<\/p>\n<p><strong>Skaityti daugiau:<br \/>\u201eIslamo valstyb\u0117s\u201c pagrobta jazid\u0117 moteris buvo paleista<br \/>Su stipr\u0117jan\u010diais i\u0161puoliais siejama teroro grup\u0117<\/strong><\/p>\n<p>\u201eMes veikiame su did\u017eiausiu budrumu ir atidumu, atsi\u017evelgdami \u012f didel\u0119 gr\u0117sm\u0119, kuri\u0105 kelia islamistinis, antisemitinis ir antiizraeli\u0161kas smurtas\u201c, \u2013 sak\u0117 M. Faeser.<\/p>\n<p>Izraelio ambasadorius Ronas Prosoras pad\u0117kojo Vokietijos saugumo institucijoms \u201eu\u017e m\u016bs\u0173 ambasados \u200b\u200bsaugumo u\u017etikrinim\u0105\u201c.<\/p>\n<\/p><\/div>\n<p><br \/>\n<br \/><a href=\"https:\/\/news.sky.com\/story\/arrest-over-suspected-islamic-state-plot-to-attack-israeli-embassy-in-berlin-13237369\">Source link <\/a><\/p>\n","protected":false},"excerpt":{"rendered":"<p>Vyras, \u012ftariamas susij\u0119s su teroristine grupe \u201eIslamo valstyb\u0117\u201c, planav\u0119s \u0161aunam\u0173j\u0173 ginkl\u0173 i\u0161puol\u012f prie\u0161 Izraelio ambasad\u0105 Berlyne, buvo suimtas. Policija ir kitos saugumo paj\u0117gos sulaik\u0117 vyr\u0105 \u0161e\u0161tadien\u012f Bernau mieste, esan\u010diame prie pat Vokietijos sostin\u0117s, ir ten atliko krat\u0105 jo namuose, sakoma Federalin\u0117s prokurat\u016bros prane\u0161ime. Jame teigiama, kad \u012ftariamasis yra Libijos pilietis, kur\u012f pareig\u016bnai \u012fvardijo tik kaip [&hellip;]<\/p>\n","protected":false},"author":1,"featured_media":649,"comment_status":"open","ping_status":"open","sticky":false,"template":"","format":"standard","meta":{"om_disable_all_campaigns":false,"_monsterinsights_skip_tracking":false,"_monsterinsights_sitenote_active":false,"_monsterinsights_sitenote_note":"","_monsterinsights_sitenote_category":0,"footnotes":""},"categories":[4],"tags":[1267,1262,1268,83,1264,1263,19,24,23,305,1266,1265],"class_list":["post-648","post","type-post","status-publish","format-standard","has-post-thumbnail","hentry","category-pasaulio-naujienos","tag-ambasada","tag-arestas","tag-berlyne","tag-del","tag-islamo","tag-itariamo","tag-izraelio","tag-naujienos","tag-pasaulio","tag-samokslo","tag-uzpulti","tag-valstybes"],"aioseo_notices":[],"_links":{"self":[{"href":"https:\/\/pasaulioziniasklaida.lt\/index.php\/wp-json\/wp\/v2\/posts\/648","targetHints":{"allow":["GET"]}}],"collection":[{"href":"https:\/\/pasaulioziniasklaida.lt\/index.php\/wp-json\/wp\/v2\/posts"}],"about":[{"href":"https:\/\/pasaulioziniasklaida.lt\/index.php\/wp-json\/wp\/v2\/types\/post"}],"author":[{"embeddable":true,"href":"https:\/\/pasaulioziniasklaida.lt\/index.php\/wp-json\/wp\/v2\/users\/1"}],"replies":[{"embeddable":true,"href":"https:\/\/pasaulioziniasklaida.lt\/index.php\/wp-json\/wp\/v2\/comments?post=648"}],"version-history":[{"count":0,"href":"https:\/\/pasaulioziniasklaida.lt\/index.php\/wp-json\/wp\/v2\/posts\/648\/revisions"}],"wp:featuredmedia":[{"embeddable":true,"href":"https:\/\/pasaulioziniasklaida.lt\/index.php\/wp-json\/wp\/v2\/media\/649"}],"wp:attachment":[{"href":"https:\/\/pasaulioziniasklaida.lt\/index.php\/wp-json\/wp\/v2\/media?parent=648"}],"wp:term":[{"taxonomy":"category","embeddable":true,"href":"https:\/\/pasaulioziniasklaida.lt\/index.php\/wp-json\/wp\/v2\/categories?post=648"},{"taxonomy":"post_tag","embeddable":true,"href":"https:\/\/pasaulioziniasklaida.lt\/index.php\/wp-json\/wp\/v2\/tags?post=648"}],"curies":[{"name":"wp","href":"https:\/\/api.w.org\/{rel}","templated":true}]}}