{"id":836,"date":"2024-11-06T16:05:49","date_gmt":"2024-11-06T16:05:49","guid":{"rendered":"https:\/\/pasaulioziniasklaida.lt\/index.php\/2024\/11\/06\/a-bilotaite-svarbu-kad-nauja-interpolo-vadovybe-uztikrintu-organizacijos-nepriklausomuma-ir-atsparuma\/"},"modified":"2024-11-06T16:05:49","modified_gmt":"2024-11-06T16:05:49","slug":"a-bilotaite-svarbu-kad-nauja-interpolo-vadovybe-uztikrintu-organizacijos-nepriklausomuma-ir-atsparuma","status":"publish","type":"post","link":"https:\/\/pasaulioziniasklaida.lt\/index.php\/2024\/11\/06\/a-bilotaite-svarbu-kad-nauja-interpolo-vadovybe-uztikrintu-organizacijos-nepriklausomuma-ir-atsparuma\/","title":{"rendered":"A. Bilotait\u0117: svarbu, kad nauja Interpolo vadovyb\u0117 u\u017etikrint\u0173 organizacijos nepriklausomum\u0105 ir atsparum\u0105"},"content":{"rendered":"<p> <br \/>\n<\/p>\n<div>\n<p>Lapkri\u010dio 4\u20137 d. Vidaus reikal\u0173 ministr\u0117s Agn\u0117s Bilotait\u0117s vadovaujama delegacija dalyvauja 92-ojoje Tarptautin\u0117s kriminalin\u0117s policijos organizacijos \u2013 Interpolo \u2013 Generalin\u0117je asambl\u0117joje Jungtin\u0117je Karalyst\u0117je, Glazge.<\/p>\n<p>Asambl\u0117joje ketveri\u0173 met\u0173 kadencijai i\u0161rinktas naujas Interpolo generalinis sekretorius \u2013 Brazilijos policijos komisaras Valdecy Urquiza, svarstyti kiti aktual\u016bs kovos su tarptautiniu nusikalstamumu ir efektyvesnio keitimosi informacija tarp \u0161ali\u0173 klausimai.<\/p>\n<blockquote>\n<p>\u201eNaujasis generalinis sekretorius perima atsakingas pareigas i\u0161\u0161\u016bki\u0173 kupinu laiku. Labai svarbu, kad naujoji Interpolo vadovyb\u0117 i\u0161likt\u0173 principinga prie\u0161i\u0161k\u0173 re\u017eim\u0173 at\u017evilgiu, o m\u016bs\u0173 bendras darbas ir toliau vykt\u0173 skland\u017eiai ir koordinuotai\u201c, \u2013 sako asambl\u0117joje dalyvaujanti vidaus reikal\u0173 ministr\u0117 Agn\u0117 Bilotait\u0117.<\/p>\n<\/blockquote>\n<p>Anot ministr\u0117s A. Bilotait\u0117s, Interpolas iki \u0161iol laik\u0117si tvirtos vertybin\u0117s pozicijos tiriant politi\u0161kai motyvuotas bylas, atsakingai \u017ei\u016br\u0117jo \u012f prie\u0161i\u0161k\u0173 re\u017eim\u0173 vykdomas tarptautines Lietuvos ir kit\u0173 \u0161ali\u0173 politik\u0173 ir teis\u0117saugos pareig\u016bn\u0173 paie\u0161kas, buvo i\u0161laikytas organizacijos atsparumas Rusijos agresijos karo prie\u0161 Ukrain\u0105 metu, tod\u0117l tikimasi, kad organizacija ir toliau i\u0161saugos savo operatyvini\u0173 paj\u0117gum\u0173 atsparum\u0105 ir nepriklausomum\u0105. Taip pat \u2013 kad aktyviai \u012fsitrauks ir pad\u0117s tarptautinei bendruomenei tirti Rusijos karo nusikaltimus.<\/p>\n<p>Ministr\u0117 A. Bilotait\u0117 asambl\u0117joje dalyvavo ir dvi\u0161aliuose susitikimuose su pareigas paliekan\u010diu generaliniu sekretoriumi J\u00fcrgen Stock bei Jungtin\u0117s Karalyst\u0117s vidaus reikal\u0173 valstyb\u0117s sekretore Yvette Cooper, pristat\u0117 neteis\u0117tos migracijos suvaldymo priemones, aptar\u0117 Lietuvos ir JK partneryst\u0117s stiprinim\u0105 informacijos main\u0173 ir bendr\u0173 operacij\u0173 kovoje prie\u0161 prekyb\u0105 narkotikais ir vaik\u0173 seksualin\u012f i\u0161naudojim\u0105 srityse.<\/p>\n<p>\u0160iomis dienomis vykstan\u010dioje Interpolo Generalin\u0117je asambl\u0117ja gilinamasi \u012f globalaus saugumo u\u017etikrinimo priemones, biometrini\u0173 ir dirbtinio intelekto (DI) technologij\u0173 pl\u0117tr\u0105 teis\u0117saugoje, teis\u0117saugos prieigos prie elektronini\u0173 \u012frodym\u0173 bei vaik\u0173 seksualinio i\u0161naudojimo internete\u00a0 prevencijos klausimus, taip pat pasiruo\u0161im\u0105 naujoms galimoms gr\u0117sm\u0117ms.<\/p>\n<p>Lapkri\u010dio 7 d., ketvirtadien\u012f, Brazilijos policijos komisaras perims pareigas, o dabartinis 10 met\u0173 organizacijai vadovav\u0119s generalinis sekretorius J\u00fcrgenas Stockas baigs savo antr\u0105j\u0105 ir paskutin\u0119 kadencij\u0105.<\/p>\n<p>93-oji Interpolo generalin\u0117 asambl\u0117ja 2025 m. vyks Maroko Karalyst\u0117je.<\/p>\n<div class=\"g g-43\">\n<div class=\"g-single a-213\"><\/div>\n<\/div>\n<\/div>\n<p><script>(function(d, s, id) {\nvar js, fjs = d.getElementsByTagName(s)(0);\nif (d.getElementById(id)) return;\njs = d.createElement(s); js.id = id;\njs.src = \"\/\/connect.facebook.net\/lt_LT\/sdk.js#xfbml=1&version=v2.10\";\nfjs.parentNode.insertBefore(js, fjs);\n}(document, 'script', 'facebook-jssdk'));<\/script><br \/>\n<br \/><br \/>\n<br \/><a href=\"https:\/\/miestonaujienos.lt\/a-bilotaite-svarbu-kad-nauja-interpolo-vadovybe-uztikrintu-organizacijos-nepriklausomuma-ir-atsparuma\/\">Source link <\/a><\/p>\n","protected":false},"excerpt":{"rendered":"<p>Lapkri\u010dio 4\u20137 d. Vidaus reikal\u0173 ministr\u0117s Agn\u0117s Bilotait\u0117s vadovaujama delegacija dalyvauja 92-ojoje Tarptautin\u0117s kriminalin\u0117s policijos organizacijos \u2013 Interpolo \u2013 Generalin\u0117je asambl\u0117joje Jungtin\u0117je Karalyst\u0117je, Glazge. Asambl\u0117joje ketveri\u0173 met\u0173 kadencijai i\u0161rinktas naujas Interpolo generalinis sekretorius \u2013 Brazilijos policijos komisaras Valdecy Urquiza, svarstyti kiti aktual\u016bs kovos su tarptautiniu nusikalstamumu ir efektyvesnio keitimosi informacija tarp \u0161ali\u0173 klausimai. \u201eNaujasis generalinis [&hellip;]<\/p>\n","protected":false},"author":1,"featured_media":837,"comment_status":"","ping_status":"","sticky":false,"template":"","format":"standard","meta":{"om_disable_all_campaigns":false,"_monsterinsights_skip_tracking":false,"_monsterinsights_sitenote_active":false,"_monsterinsights_sitenote_note":"","_monsterinsights_sitenote_category":0,"footnotes":""},"categories":[4],"tags":[1809,1802,1804,291,456,1808,1807,1803,1806,1805],"class_list":["post-836","post","type-post","status-publish","format-standard","has-post-thumbnail","hentry","category-pasaulio-naujienos","tag-atsparuma","tag-bilotaite","tag-interpolo","tag-kad","tag-nauja","tag-nepriklausomuma","tag-organizacijos","tag-svarbu","tag-uztikrintu","tag-vadovybe"],"aioseo_notices":[],"_links":{"self":[{"href":"https:\/\/pasaulioziniasklaida.lt\/index.php\/wp-json\/wp\/v2\/posts\/836","targetHints":{"allow":["GET"]}}],"collection":[{"href":"https:\/\/pasaulioziniasklaida.lt\/index.php\/wp-json\/wp\/v2\/posts"}],"about":[{"href":"https:\/\/pasaulioziniasklaida.lt\/index.php\/wp-json\/wp\/v2\/types\/post"}],"author":[{"embeddable":true,"href":"https:\/\/pasaulioziniasklaida.lt\/index.php\/wp-json\/wp\/v2\/users\/1"}],"replies":[{"embeddable":true,"href":"https:\/\/pasaulioziniasklaida.lt\/index.php\/wp-json\/wp\/v2\/comments?post=836"}],"version-history":[{"count":0,"href":"https:\/\/pasaulioziniasklaida.lt\/index.php\/wp-json\/wp\/v2\/posts\/836\/revisions"}],"wp:featuredmedia":[{"embeddable":true,"href":"https:\/\/pasaulioziniasklaida.lt\/index.php\/wp-json\/wp\/v2\/media\/837"}],"wp:attachment":[{"href":"https:\/\/pasaulioziniasklaida.lt\/index.php\/wp-json\/wp\/v2\/media?parent=836"}],"wp:term":[{"taxonomy":"category","embeddable":true,"href":"https:\/\/pasaulioziniasklaida.lt\/index.php\/wp-json\/wp\/v2\/categories?post=836"},{"taxonomy":"post_tag","embeddable":true,"href":"https:\/\/pasaulioziniasklaida.lt\/index.php\/wp-json\/wp\/v2\/tags?post=836"}],"curies":[{"name":"wp","href":"https:\/\/api.w.org\/{rel}","templated":true}]}}