{"id":85,"date":"2024-07-24T10:17:13","date_gmt":"2024-07-24T10:17:13","guid":{"rendered":"https:\/\/pasaulioziniasklaida.lt\/index.php\/2024\/07\/24\/12-kilometro-per-tris-savaites\/"},"modified":"2024-07-24T10:17:13","modified_gmt":"2024-07-24T10:17:13","slug":"12-kilometro-per-tris-savaites","status":"publish","type":"post","link":"https:\/\/pasaulioziniasklaida.lt\/index.php\/2024\/07\/24\/12-kilometro-per-tris-savaites\/","title":{"rendered":"1,2 kilometro \u2013 per tris savaites"},"content":{"rendered":"<p> <br \/>\n<\/p>\n<p><img decoding=\"async\" width=\"1200\" height=\"802\" src=\"https:\/\/miestonaujienos.lt\/wp-content\/uploads\/2024\/07\/282334-12-kilometro-per-tris-savaites.jpg\" class=\"attachment-post-thumbnail size-post-thumbnail wp-post-image\" alt=\"1,2 kilometro-\u2013-per-tris-savait\u0117s\" loading=\"lazy\" \/><\/p>\n<p>Plung\u0117s rajono savivaldyb\u0117s meras Audrius Kli\u0161onis, vicemeras \u017dydr\u016bnas Purauskis, Savivaldyb\u0117s administracijos direktorius Dalius Pe\u010diulis, Savivaldyb\u0117s tarybos Vietos \u016bkio ir ekologijos komiteto pirmininkas Gediminas Stonys kartu su Nausod\u017eio seni\u016bnu Gintaru Domarku, UAB \u201ePlung\u0117s lag\u016bna\u201c direktoriaus Dariumi Apsaugos Aplinkos Bieliaus tik\u0117jimo gatv\u0119 Varkaliuose.<\/p>\n<p>Ir Ber\u017e\u0173 gatv\u0117s gyventojus, ir u\u017esakov\u0105 \u2013 Plung\u0117s rajono savivaldyb\u0119 \u2013 ypa\u010d d\u017eiugino tai, kad darbai atlikti ypa\u010d greitai \u2013 apie 1,2 km Ber\u017e\u0173 gatv\u0117 (turinti dvi at\u0161akas) i\u0161asfaltuota per tris savaites.  Be to, asfaltas paklotas ir \u017daliojoje gatv\u0117je (kiek daugiau nei 100 metr\u0173).<\/p>\n<p>Darbus tai UAB \u201ePlung\u0117s lag\u016bna\u201c.  Ber\u017e\u0173 gatv\u0117s paprastasis remontas Savivaldyb\u0117s biud\u017eetui atsi\u0117jo apie 360 \u200b\u200bt\u016bkst.  eur\u0173, \u017dalioji gatv\u0117 sutvarkyta Keli\u0173 prie\u017ei\u016bros ir pl\u0117tros programos l\u0117\u0161omis, kainavo apie 27 t\u016bkst.  eur\u0173.<\/p>\n<p>Savivaldyb\u0117s meras Audrius Kli\u0161onis pad\u0117kojo rangovui u\u017e operatyvum\u0105, o per\u0117j\u0119s vis\u0105 gatv\u0119, ir kokybe nenusivyl\u0117.  Pasak Nausod\u017eio seni\u016bno Gintaro Domarko, gyventojai nesitik\u0117jo, kad naujas asfaltas bus paklotas taip greitai ir kad tik kelias savaites teks taikstytis su remonto darb\u0173 keliamais nepatogumais.<\/p>\n<p>T\u0105 patvirtino ir pro \u0161al\u012f va\u017eiav\u0119s bei stabtel\u0117j\u0119s Ber\u017e\u0173 gatv\u0117s gyventojas Tomas Paulauskas: \u201eA\u0161 tik savaitei i\u0161vyk\u0119s \u012f u\u017esien\u012f, o kai gr\u012f\u017eau, gatv\u0117 jau paklota.  A\u010di\u016b visiems \u2013 ir tiems, kas skyr\u0117 pinig\u0173, ir tiems, kas dirbo.  Manau, \u0161ioje gatv\u0117je n\u0117ra \u017emoni\u0173, kurie nesid\u017eiaugt\u0173.  Ir a\u0161 \u010dia kalbu vis\u0173 vardu.\u201c<\/p>\n<p>Smagu, kad \u012f atsinaujinimo proces\u0105trauk\u0117 ir gyventojai \u2013 daug \u012fsileido, kad yra atgabenta technika, i\u0161siasfaltavo savo \u012fva\u017eas, tvarkosi pakeles, patvorius.<\/p>\n<p>D\u017eiugu, kad priemiestin\u0117 Varkali\u0173 gyvenviet\u0117 tampa vis patrauklesne gyvenimui.  Pernai \u010dia rekonstruota Sodo gatv\u0117, asfaltas nutiestas ir Kanalo gatv\u0117je.  K\u0105 tik sutvarkytos Ber\u017e\u0173 ir \u017daliosios gatv\u0117s, o artimiausiu metu darbai tur\u0117t\u0173 startuoti ir Pu\u0161ies gatv\u0117je.  Ji bus rekonstruojama Keli\u0173 prie\u017ei\u016bros ir pl\u0117tros programos l\u0117\u0161omis.<\/p>\n<p>Daugiau naujien\u0173 rasite portale <a rel=\"nofollow\" href=\"https:\/\/miestonaujienos.lt\">Miesto naujienos<\/a>.<\/p>\n<p><br \/>\n<br \/><a href=\"https:\/\/miestonaujienos.lt\/12-kilometro-per-tris-savaites\/\">Source link <\/a><\/p>\n","protected":false},"excerpt":{"rendered":"<p>Plung\u0117s rajono savivaldyb\u0117s meras Audrius Kli\u0161onis, vicemeras \u017dydr\u016bnas Purauskis, Savivaldyb\u0117s administracijos direktorius Dalius Pe\u010diulis, Savivaldyb\u0117s tarybos Vietos \u016bkio ir ekologijos komiteto pirmininkas Gediminas Stonys kartu su Nausod\u017eio seni\u016bnu Gintaru Domarku, UAB \u201ePlung\u0117s lag\u016bna\u201c direktoriaus Dariumi Apsaugos Aplinkos Bieliaus tik\u0117jimo gatv\u0119 Varkaliuose. Ir Ber\u017e\u0173 gatv\u0117s gyventojus, ir u\u017esakov\u0105 \u2013 Plung\u0117s rajono savivaldyb\u0119 \u2013 ypa\u010d d\u017eiugino tai, [&hellip;]<\/p>\n","protected":false},"author":1,"featured_media":86,"comment_status":"open","ping_status":"open","sticky":false,"template":"","format":"standard","meta":{"om_disable_all_campaigns":false,"_monsterinsights_skip_tracking":false,"_monsterinsights_sitenote_active":false,"_monsterinsights_sitenote_note":"","_monsterinsights_sitenote_category":0,"footnotes":""},"categories":[3],"tags":[],"class_list":["post-85","post","type-post","status-publish","format-standard","has-post-thumbnail","hentry","category-salies-naujienos"],"aioseo_notices":[],"_links":{"self":[{"href":"https:\/\/pasaulioziniasklaida.lt\/index.php\/wp-json\/wp\/v2\/posts\/85","targetHints":{"allow":["GET"]}}],"collection":[{"href":"https:\/\/pasaulioziniasklaida.lt\/index.php\/wp-json\/wp\/v2\/posts"}],"about":[{"href":"https:\/\/pasaulioziniasklaida.lt\/index.php\/wp-json\/wp\/v2\/types\/post"}],"author":[{"embeddable":true,"href":"https:\/\/pasaulioziniasklaida.lt\/index.php\/wp-json\/wp\/v2\/users\/1"}],"replies":[{"embeddable":true,"href":"https:\/\/pasaulioziniasklaida.lt\/index.php\/wp-json\/wp\/v2\/comments?post=85"}],"version-history":[{"count":0,"href":"https:\/\/pasaulioziniasklaida.lt\/index.php\/wp-json\/wp\/v2\/posts\/85\/revisions"}],"wp:featuredmedia":[{"embeddable":true,"href":"https:\/\/pasaulioziniasklaida.lt\/index.php\/wp-json\/wp\/v2\/media\/86"}],"wp:attachment":[{"href":"https:\/\/pasaulioziniasklaida.lt\/index.php\/wp-json\/wp\/v2\/media?parent=85"}],"wp:term":[{"taxonomy":"category","embeddable":true,"href":"https:\/\/pasaulioziniasklaida.lt\/index.php\/wp-json\/wp\/v2\/categories?post=85"},{"taxonomy":"post_tag","embeddable":true,"href":"https:\/\/pasaulioziniasklaida.lt\/index.php\/wp-json\/wp\/v2\/tags?post=85"}],"curies":[{"name":"wp","href":"https:\/\/api.w.org\/{rel}","templated":true}]}}