{"id":884,"date":"2024-11-10T13:54:39","date_gmt":"2024-11-10T13:54:39","guid":{"rendered":"https:\/\/pasaulioziniasklaida.lt\/index.php\/2024\/11\/10\/mackenzie-michalski-airijos-vyras-tariamai-prisipazino-nuzudes-jav-slauge-budapesto-bute-ir-ismetes-kuna-prie-ezero-pranese-policija-pasaulio-naujienos\/"},"modified":"2024-11-10T13:54:39","modified_gmt":"2024-11-10T13:54:39","slug":"mackenzie-michalski-airijos-vyras-tariamai-prisipazino-nuzudes-jav-slauge-budapesto-bute-ir-ismetes-kuna-prie-ezero-pranese-policija-pasaulio-naujienos","status":"publish","type":"post","link":"https:\/\/pasaulioziniasklaida.lt\/index.php\/2024\/11\/10\/mackenzie-michalski-airijos-vyras-tariamai-prisipazino-nuzudes-jav-slauge-budapesto-bute-ir-ismetes-kuna-prie-ezero-pranese-policija-pasaulio-naujienos\/","title":{"rendered":"Mackenzie Michalski: Airijos vyras tariamai prisipa\u017eino nu\u017eud\u0119s JAV slaug\u0119 Budape\u0161to bute ir i\u0161met\u0119s k\u016bn\u0105 prie e\u017eero, prane\u0161\u0117 policija | Pasaulio naujienos"},"content":{"rendered":"<p> <br \/>\n<\/p>\n<div data-component-name=\"ui-article-body\" data-highlight-intro=\"true\">\n<p>Pasak policijos, airis \u012ftariamas nu\u017eud\u0119s 31 met\u0173 JAV slaug\u0119 per \u201eintym\u0173 susitikim\u0105\u201c savo bute Budape\u0161te ir i\u0161met\u0119s jos k\u016bn\u0105 \u012f mi\u0161k\u0105.<\/p>\n<p>Vengrijos policija prane\u0161\u0117, kad Mackenzie Michalski i\u0161 Portlando JAV valstijoje <strong>Oregonas<\/strong>\u017euvo po to, kai sutiko 37 met\u0173 vyr\u0105 naktiniame klube, kai ji atostogavo mieste.<\/p>\n<p>Pareig\u016bnai \u012ftariam\u0105j\u012f atpa\u017eino pagal inicialus LTM ir sak\u0117, kad jis sutvark\u0117 savo nuomojam\u0105 but\u0105 Vengrijos sostin\u0117je, o M. Michalskio k\u016bn\u0105 \u012fd\u0117jo \u012f drabu\u017ei\u0173 spint\u0105, o v\u0117liau \u012f lagamin\u0105.<\/p>\n<p>\u012etariama, kad jis i\u0161sinuomojo automobil\u012f ir nuva\u017eiavo 90 myli\u0173 (150 km) iki Balatono e\u017eero, kur, kaip teigiama, i\u0161met\u0117 k\u016bn\u0105 mi\u0161kingoje vietov\u0117je netoli Szigligeto kaimo.<\/p>\n<p>Policijos vaizdo \u012fra\u0161e buvo matyti, kaip \u012ftariamasis nuved\u0117 juos ten, kur paliko k\u016bn\u0105.<\/p>\n<p>Pareig\u016bnai sak\u0117, kad jis internete taip pat ie\u0161kojo, kaip sunaikinti k\u016bn\u0105, ir apie Budape\u0161to policijos kompetencij\u0105. Policija teig\u0117, kad jis taip pat atliko paie\u0161kas internete apie proced\u016bras dingusi\u0173 asmen\u0173 atvejais, ar kiaul\u0117s \u0117da lavonus ir ar aplink Balatono e\u017eer\u0105 yra \u0161ern\u0173.<\/p>\n<p>Jis buvo suimtas lapkri\u010dio 7 d., ta\u010diau tvirtino, kad nu\u017eudymas buvo nelaimingas atsitikimas, prane\u0161\u0117 policija.<\/p>\n<p>M. Michalski buvo prane\u0161ta apie dingim\u0105 prie\u0161 dvi dienas, o \u012ftariamasis buvo nustatytas po to, kai CCTV parod\u0117 por\u0105 kartu naktiniame klube, kur policija prane\u0161\u0117, kad jie \u0161oko ir i\u0161vyko \u012f jo but\u0105.<\/p>\n<div class=\"sdc-article-widget sdc-article-image\">\n<figure class=\"sdc-article-image__figure\">\n<div class=\"sdc-article-image__wrapper\" data-aspect-ratio=\"16\/9\">\n          \n    <\/div><figcaption class=\"ui-media-caption\">\n        <span class=\"u-hide-visually\">Vaizdas:<\/span><br \/>\n        <span class=\"ui-media-caption__caption-text\">Nuotrauka: \u201eFacebook\u201c \/ \u201eFind Mackenzie Michalski\u201c.<br \/>\n        <\/span><br \/>\n      <\/figcaption><\/figure>\n<\/div>\n<p>Nusikaltimo vietos nuotraukose matyti besisukantis lagaminas, drabu\u017eiai ir rankin\u0117 prie kreditin\u0117s kortel\u0117s su M. Michalskio pavarde.<\/p>\n<p>Paskrido aukos \u0161eima <strong>Vengrija <\/strong>pad\u0117ti j\u0105 surasti, ta\u010diau pakeliui su\u017einojo, kad ji buvo nu\u017eudyta.<\/p>\n<p>\u201eNebuvo jokios prie\u017easties, kad taip nutikt\u0173\u201c, \u2013 sak\u0117 jos t\u0117vas Billas Michalskis per \u017evaki\u0173 bud\u0117jim\u0105 Budape\u0161te \u0161e\u0161tadienio vakar\u0105.<\/p>\n<p>\u2013 Vis dar bandau apkabinti tai, kas atsitiko&#8230; Ne\u017einau, ar kada nors tai padarysiu.<\/p>\n<p><strong>Skaitykite daugiau i\u0161 \u201eSky News\u201c:<br \/>Meksikoje po \u0161audymo bare \u017euvo ma\u017eiausiai 10 \u017emoni\u0173<br \/>Pomp\u0117ja apribos lankytoj\u0173 skai\u010di\u0173 iki 20 000<\/strong><\/p>\n<div class=\"sdc-article-widget sdc-article-image\">\n<figure class=\"sdc-article-image__figure\">\n<div class=\"sdc-article-image__wrapper\" data-aspect-ratio=\"16\/9\">\n          <img decoding=\"async\" class=\"sdc-article-image__item\" loading=\"lazy\" intrinsicsize=\"768x432\" src=\"https:\/\/e3.365dm.com\/24\/11\/768x432\/skynews-budapest-mackenzie-michalski_6744444.jpg?20241110114146\" srcset=\"https:\/\/e3.365dm.com\/24\/11\/384x216\/skynews-budapest-mackenzie-michalski_6744444.jpg?20241110114146 380w, https:\/\/e3.365dm.com\/24\/11\/768x432\/skynews-budapest-mackenzie-michalski_6744444.jpg?20241110114146 760w, https:\/\/e3.365dm.com\/24\/11\/1600x900\/skynews-budapest-mackenzie-michalski_6744444.jpg?20241110114146 1024w, https:\/\/e3.365dm.com\/24\/11\/2048x1152\/skynews-budapest-mackenzie-michalski_6744444.jpg?20241110114146 2048w\" sizes=\"(min-width: 1024px) 1024px, 100vw\" alt=\"Draugai \u0161e\u0161tadien\u012f dalyvavo \u017evaki\u0173 \u0161viesoje mieste vykusiame memoriale. Nuotrauka: AP\"\/>\n    <\/div><figcaption class=\"ui-media-caption\">\n        <span class=\"u-hide-visually\">Vaizdas:<\/span><br \/>\n        <span class=\"ui-media-caption__caption-text\">Draugai \u0161e\u0161tadien\u012f dalyvavo \u017evaki\u0173 \u0161viesoje mieste vykusiame memoriale. Nuotrauka: AP<br \/>\n        <\/span><br \/>\n      <\/figcaption><\/figure>\n<\/div>\n<div class=\"sdc-article-widget sdc-article-strapline sdc-article-strapline--default-layout\" data-component-name=\"sdc-article-strapline\">\n<div class=\"sdc-article-strapline__link\">\n<div class=\"sdc-article-strapline__image-wrap\">\n                <picture><source srcset=\"https:\/\/e3.365dm.com\/24\/03\/320x180\/skynews-gfxwhatsapppromo-gfxwhatsapp_6490206.png 320w, https:\/\/e3.365dm.com\/24\/03\/640x380\/skynews-gfxwhatsapppromo-gfxwhatsapp_6490206.png 640w\" media=\"(max-width: 480px)\"><source srcset=\"https:\/\/e3.365dm.com\/24\/03\/256x256\/skynews-gfxwhatsapppromo-gfxwhatsapp_6490206.png 256w, https:\/\/e3.365dm.com\/24\/03\/512x512\/skynews-gfxwhatsapppromo-gfxwhatsapp_6490206.png 512w\" media=\"(min-width: 481px)\"><img decoding=\"async\" loading=\"lazy\" src=\"https:\/\/e3.365dm.com\/24\/03\/512x512\/skynews-gfxwhatsapppromo-gfxwhatsapp_6490206.png\" alt=\"Sekite Sky News per WhatsApp\" class=\"sdc-article-strapline__image\"\/><br \/>\n                <\/source><\/source><\/picture>\n            <\/div>\n<div class=\"sdc-article-strapline__body\">\n                <span class=\"sdc-article-strapline__title\">Sekite Sky News per WhatsApp<\/span><\/p>\n<p class=\"sdc-article-strapline__text\">Sekite visas naujausias naujienas i\u0161 JK ir viso pasaulio steb\u0117dami \u201eSky News\u201c.<\/p>\n<p>                Bakstel\u0117kite \u010dia\n        <\/p><\/div>\n<\/p><\/div>\n<\/p><\/div>\n<p>D\u0117v\u0117damas kepurait\u0119, kuri\u0105 jam dav\u0117, M. Michalskis sak\u0117, kad jo dukra anks\u010diau buvo Budape\u0161te ir pavadino tai savo \u201elaiminga vieta\u201c.<\/p>\n<p>\u201eIstorija&#8230; jai tai tiesiog patiko ir ji \u010dia buvo tokia atsipalaidavusi\u201c, \u2013 sak\u0117 jis.<\/p>\n<p>Pra\u0117jusi\u0105 savait\u0119 \u201eFacebook\u201c grup\u0117, skirta rasti M. Michalski, prane\u0161\u0117, kad ji buvo \u017einoma kaip \u201eKenzie\u201c ir dirbo slaugytoja.<\/p>\n<p>Teigiama, kad ji \u201eam\u017einai bus prisiminta kaip gra\u017ei ir u\u017ejau\u010dianti jauna moteris\u201c.<\/p>\n<\/p><\/div>\n<p><br \/>\n<br \/><a href=\"https:\/\/news.sky.com\/story\/mackenzie-michalski-irish-man-allegedly-admits-killing-us-nurse-at-budapest-flat-and-dumping-body-near-lake-say-police-13251900\">Source link <\/a><\/p>\n","protected":false},"excerpt":{"rendered":"<p>Pasak policijos, airis \u012ftariamas nu\u017eud\u0119s 31 met\u0173 JAV slaug\u0119 per \u201eintym\u0173 susitikim\u0105\u201c savo bute Budape\u0161te ir i\u0161met\u0119s jos k\u016bn\u0105 \u012f mi\u0161k\u0105. Vengrijos policija prane\u0161\u0117, kad Mackenzie Michalski i\u0161 Portlando JAV valstijoje Oregonas\u017euvo po to, kai sutiko 37 met\u0173 vyr\u0105 naktiniame klube, kai ji atostogavo mieste. Pareig\u016bnai \u012ftariam\u0105j\u012f atpa\u017eino pagal inicialus LTM ir sak\u0117, kad jis [&hellip;]<\/p>\n","protected":false},"author":1,"featured_media":885,"comment_status":"","ping_status":"","sticky":false,"template":"","format":"standard","meta":{"om_disable_all_campaigns":false,"_monsterinsights_skip_tracking":false,"_monsterinsights_sitenote_active":false,"_monsterinsights_sitenote_note":"","_monsterinsights_sitenote_category":0,"footnotes":""},"categories":[4],"tags":[1941,1946,1947,1950,1948,81,1949,1939,1940,24,1944,23,102,216,120,1943,1945,1942,256],"class_list":["post-884","post","type-post","status-publish","format-standard","has-post-thumbnail","hentry","category-pasaulio-naujienos","tag-airijos","tag-budapesto","tag-bute","tag-ezero","tag-ismetes","tag-jav","tag-kuna","tag-mackenzie","tag-michalski","tag-naujienos","tag-nuzudes","tag-pasaulio","tag-policija","tag-pranese","tag-prie","tag-prisipazino","tag-slauge","tag-tariamai","tag-vyras"],"aioseo_notices":[],"_links":{"self":[{"href":"https:\/\/pasaulioziniasklaida.lt\/index.php\/wp-json\/wp\/v2\/posts\/884","targetHints":{"allow":["GET"]}}],"collection":[{"href":"https:\/\/pasaulioziniasklaida.lt\/index.php\/wp-json\/wp\/v2\/posts"}],"about":[{"href":"https:\/\/pasaulioziniasklaida.lt\/index.php\/wp-json\/wp\/v2\/types\/post"}],"author":[{"embeddable":true,"href":"https:\/\/pasaulioziniasklaida.lt\/index.php\/wp-json\/wp\/v2\/users\/1"}],"replies":[{"embeddable":true,"href":"https:\/\/pasaulioziniasklaida.lt\/index.php\/wp-json\/wp\/v2\/comments?post=884"}],"version-history":[{"count":0,"href":"https:\/\/pasaulioziniasklaida.lt\/index.php\/wp-json\/wp\/v2\/posts\/884\/revisions"}],"wp:featuredmedia":[{"embeddable":true,"href":"https:\/\/pasaulioziniasklaida.lt\/index.php\/wp-json\/wp\/v2\/media\/885"}],"wp:attachment":[{"href":"https:\/\/pasaulioziniasklaida.lt\/index.php\/wp-json\/wp\/v2\/media?parent=884"}],"wp:term":[{"taxonomy":"category","embeddable":true,"href":"https:\/\/pasaulioziniasklaida.lt\/index.php\/wp-json\/wp\/v2\/categories?post=884"},{"taxonomy":"post_tag","embeddable":true,"href":"https:\/\/pasaulioziniasklaida.lt\/index.php\/wp-json\/wp\/v2\/tags?post=884"}],"curies":[{"name":"wp","href":"https:\/\/api.w.org\/{rel}","templated":true}]}}