{"id":957,"date":"2024-11-17T16:46:03","date_gmt":"2024-11-17T16:46:03","guid":{"rendered":"https:\/\/pasaulioziniasklaida.lt\/index.php\/2024\/11\/17\/gingas-albumo-refunked-partone-debiutas-uzdare-dziazo-festivali-siauliai-jazz-xxiii\/"},"modified":"2024-11-17T16:46:03","modified_gmt":"2024-11-17T16:46:03","slug":"gingas-albumo-refunked-partone-debiutas-uzdare-dziazo-festivali-siauliai-jazz-xxiii","status":"publish","type":"post","link":"https:\/\/pasaulioziniasklaida.lt\/index.php\/2024\/11\/17\/gingas-albumo-refunked-partone-debiutas-uzdare-dziazo-festivali-siauliai-jazz-xxiii\/","title":{"rendered":"\u201eGin\u2019Gas\u201c albumo \u201eReFunked PartOne\u201c debiutas u\u017edar\u0117 d\u017eiazo festival\u012f \u201e\u0160iauliai Jazz XXIII\u201c"},"content":{"rendered":"<p> <br \/>\n<\/p>\n<p><\/p>\n<p>\u0160iauliai Jazz XXIII festivalis u\u017edar\u0117 duris, klausytoj\u0173 \u0161irdyse palikdamas nei\u0161dildomus \u012fsp\u016bd\u017eius. Trims dienoms \u0160iauli\u0173 kult\u016bros centro MAX&#8217;o sal\u0117s scena virto tarptautine d\u017eiazo ir funk\u2019o sala, kurioje susitiko talentai i\u0161 viso pasaulio.<\/p>\n<p>Festivalis i\u0161ry\u0161kino ne tik pasaulinio lygio muzikantus, bet ir vietos \u017evaig\u017edes, \u012ftvirtindamas savo pozicij\u0105 kaip vieno svarbiausi\u0173 Lietuvos d\u017eiazo rengini\u0173.<\/p>\n<div id=\"ez-toc-container\" class=\"ez-toc-v2_0_82_2 counter-hierarchy ez-toc-counter ez-toc-grey ez-toc-container-direction\">\n<div class=\"ez-toc-title-container\">\n<p class=\"ez-toc-title\" style=\"cursor:inherit\">Turinys:<\/p>\n<span class=\"ez-toc-title-toggle\"><a href=\"#\" class=\"ez-toc-pull-right ez-toc-btn ez-toc-btn-xs ez-toc-btn-default ez-toc-toggle\" aria-label=\"Toggle Table of Content\"><span class=\"ez-toc-js-icon-con\"><span class=\"\"><span class=\"eztoc-hide\" style=\"display:none;\">Toggle<\/span><span class=\"ez-toc-icon-toggle-span\"><svg style=\"fill: #999;color:#999\" xmlns=\"http:\/\/www.w3.org\/2000\/svg\" class=\"list-377408\" width=\"20px\" height=\"20px\" viewBox=\"0 0 24 24\" fill=\"none\"><path d=\"M6 6H4v2h2V6zm14 0H8v2h12V6zM4 11h2v2H4v-2zm16 0H8v2h12v-2zM4 16h2v2H4v-2zm16 0H8v2h12v-2z\" fill=\"currentColor\"><\/path><\/svg><svg style=\"fill: #999;color:#999\" class=\"arrow-unsorted-368013\" xmlns=\"http:\/\/www.w3.org\/2000\/svg\" width=\"10px\" height=\"10px\" viewBox=\"0 0 24 24\" version=\"1.2\" baseProfile=\"tiny\"><path d=\"M18.2 9.3l-6.2-6.3-6.2 6.3c-.2.2-.3.4-.3.7s.1.5.3.7c.2.2.4.3.7.3h11c.3 0 .5-.1.7-.3.2-.2.3-.5.3-.7s-.1-.5-.3-.7zM5.8 14.7l6.2 6.3 6.2-6.3c.2-.2.3-.5.3-.7s-.1-.5-.3-.7c-.2-.2-.4-.3-.7-.3h-11c-.3 0-.5.1-.7.3-.2.2-.3.5-.3.7s.1.5.3.7z\"\/><\/svg><\/span><\/span><\/span><\/a><\/span><\/div>\n<nav><ul class='ez-toc-list ez-toc-list-level-1 ' ><li class='ez-toc-page-1 ez-toc-heading-level-2'><a class=\"ez-toc-link ez-toc-heading-1\" href=\"https:\/\/pasaulioziniasklaida.lt\/index.php\/2024\/11\/17\/gingas-albumo-refunked-partone-debiutas-uzdare-dziazo-festivali-siauliai-jazz-xxiii\/#Prisimenant_festivali_Siauliai_Jazz_XXIII\" >Prisimenant festival\u012f \u0160iauliai Jazz XXIII<\/a><\/li><li class='ez-toc-page-1 ez-toc-heading-level-2'><a class=\"ez-toc-link ez-toc-heading-2\" href=\"https:\/\/pasaulioziniasklaida.lt\/index.php\/2024\/11\/17\/gingas-albumo-refunked-partone-debiutas-uzdare-dziazo-festivali-siauliai-jazz-xxiii\/#Albumas_%E2%80%9EReFunked_PartOne%E2%80%9C\" >Albumas \u201eReFunked PartOne\u201c<\/a><ul class='ez-toc-list-level-3' ><li class='ez-toc-heading-level-3'><a class=\"ez-toc-link ez-toc-heading-3\" href=\"https:\/\/pasaulioziniasklaida.lt\/index.php\/2024\/11\/17\/gingas-albumo-refunked-partone-debiutas-uzdare-dziazo-festivali-siauliai-jazz-xxiii\/#Albuma_pristate\" >Album\u0105 pristat\u0117<\/a><\/li><li class='ez-toc-page-1 ez-toc-heading-level-3'><a class=\"ez-toc-link ez-toc-heading-4\" href=\"https:\/\/pasaulioziniasklaida.lt\/index.php\/2024\/11\/17\/gingas-albumo-refunked-partone-debiutas-uzdare-dziazo-festivali-siauliai-jazz-xxiii\/#Albumo_kurejai\" >Albumo k\u016br\u0117jai<\/a><\/li><\/ul><\/li><li class='ez-toc-page-1 ez-toc-heading-level-2'><a class=\"ez-toc-link ez-toc-heading-5\" href=\"https:\/\/pasaulioziniasklaida.lt\/index.php\/2024\/11\/17\/gingas-albumo-refunked-partone-debiutas-uzdare-dziazo-festivali-siauliai-jazz-xxiii\/#Pasekmes\" >Pasekm\u0117s<\/a><\/li><\/ul><\/nav><\/div>\n<h2 id='prisimenant-festival\u012f-\u0161iauliai-jazz-xxiii'><span class=\"ez-toc-section\" id=\"Prisimenant_festivali_Siauliai_Jazz_XXIII\"><\/span>Prisimenant festival\u012f \u0160iauliai Jazz XXIII<span class=\"ez-toc-section-end\"><\/span><\/h2>\n<p>Pirm\u0105j\u0105 festivalio dien\u0105 publika susipa\u017eino su grupe <strong>\u201eGal\u00e8ra\u201c (Lietuva)<\/strong> \u2013 Vilniuje \u012fsik\u016brusia grupe, kuri\u0105 sudaro energingi jauni muzikantai. Publik\u0105 nustebino j\u0173 b\u016bgnininkas, netik\u0117tai u\u017edainav\u0119s ir \u012ftrauk\u0119s vis\u0105 sal\u0119 \u012f \u0161ilt\u0105 muzikin\u012f dialog\u0105. \u0160is pasirodymas tapo vienu festivalio atidarymo akcent\u0173.<\/p>\n<figure id=\"attachment_287910\" aria-describedby=\"caption-attachment-287910\" style=\"width: 1230px\" class=\"wp-caption aligncenter\"><img decoding=\"async\" loading=\"lazy\" class=\"size-full wp-image-287910\" src=\"https:\/\/miestonaujienos.lt\/wp-content\/uploads\/2024\/09\/img20240925171944.jpg\" alt=\"\" width=\"1230\" height=\"923\" \/><figcaption id=\"caption-attachment-287910\" class=\"wp-caption-text\">\u201eGal\u00e8ra\u201c repeticija | \u0160iauliai Jazz archyvo nuotrauka<\/figcaption><\/figure>\n<p>\u012esp\u016bding\u0105 tarptautin\u012f atspalv\u012f festivaliui suteik\u0117 Izraelio grup\u0117 <strong>\u201eSpice\u2019n\u2019Space\u201c (Izraelis)<\/strong>vadovaujama fleitisto Mattan Klein ir b\u016bgnininko Uria Mader. J\u0173 pasirodymas, papildytas muzikant\u0173 Francesco Beccaro ir Tal Yadin improvizacijomis, sujung\u0117 tradicin\u012f d\u017eiaz\u0105 su Vidur\u017eemio j\u016bros melodijomis ir suteik\u0117 publikai unikali\u0105 patirt\u012f.<\/p>\n<figure id=\"attachment_287892\" aria-describedby=\"caption-attachment-287892\" style=\"width: 1230px\" class=\"wp-caption aligncenter\"><img decoding=\"async\" loading=\"lazy\" class=\"size-full wp-image-287892\" src=\"https:\/\/miestonaujienos.lt\/wp-content\/uploads\/2024\/09\/img20240925153415.jpg\" alt=\"\" width=\"1230\" height=\"923\" \/><figcaption id=\"caption-attachment-287892\" class=\"wp-caption-text\">\u201eSpice\u2019n\u2019Space\u201c repeticija | \u0160iauliai Jazz archyvo nuotrauka<\/figcaption><\/figure>\n<p>Antr\u0105j\u0105 festivalio dien\u0105 prad\u0117jo keturi talentingi jaunieji muzikai i\u0161 \u0160iauli\u0173 Sauliaus Sondeckio men\u0173 gimnazijos: <strong>Jonas Zaleskis, Domas Urnikas, Erikas Jankaitis (Lietuva)<\/strong>. Juos pasirodymui paruo\u0161\u0117 mokytojas ir muzikantas <strong>Aurimas Povilaitis<\/strong>suteik\u0119s savo mokiniams galimyb\u0119 debiutuoti presti\u017einiame renginyje.<\/p>\n<figure id=\"attachment_293018\" aria-describedby=\"caption-attachment-293018\" style=\"width: 1230px\" class=\"wp-caption aligncenter\"><img decoding=\"async\" loading=\"lazy\" class=\"size-full wp-image-293018\" src=\"https:\/\/miestonaujienos.lt\/wp-content\/uploads\/2024\/11\/iauliu-sauliaus-sondeckio-menu-gimnazijos-mokinai-mokytojas-aurimas-povilaitis-nuotraukos-autorius-tomas-laugalis.jpg\" alt=\"\" width=\"1230\" height=\"820\" \/><figcaption id=\"caption-attachment-293018\" class=\"wp-caption-text\">\u0160iauli\u0173 Sauliaus Sondeckio men\u0173 gimnazijos mokinai. Mokytojas Aurimas Povilaitis. \u2013 Nuotraukos autorius Tomas Laugalis<\/figcaption><\/figure>\n<p><strong>\u201eTre\u010diojo srauto kvartetas\u201c (Latvija\/Lietuva)<\/strong> pasirodymas suteik\u0117 festivalio publikai galimyb\u0119 pajusti, kaip meistri\u0161kai dera dviej\u0173, i\u0161 pirmo \u017evilgsnio visi\u0161kai skirting\u0173, muzikos \u017eanr\u0173 elementai. Kvartetas ne tik interpretavo klasikinius k\u016brinius d\u017eiazo stiliumi, bet ir pristat\u0117 originalias kompozicijas, kurios tapo \u0161io \u017eanr\u0173 ribas per\u017eengian\u010dia muzikinio pasakojimo kelione.<\/p>\n<figure id=\"attachment_293019\" aria-describedby=\"caption-attachment-293019\" style=\"width: 1230px\" class=\"wp-caption aligncenter\"><img decoding=\"async\" loading=\"lazy\" class=\"size-full wp-image-293019\" src=\"https:\/\/miestonaujienos.lt\/wp-content\/uploads\/2024\/11\/third-stream-quartet-tsq-latvija-lietuva-nuotraukos-autorius-tomas-laugalis.jpg\" alt=\"\" width=\"1230\" height=\"820\" \/><figcaption id=\"caption-attachment-293019\" class=\"wp-caption-text\">\u201eThird Stream Quartet\u201c (TSQ) (Latvija-Lietuva) \u2013 Nuotraukos autorius Tomas Laugalis<\/figcaption><\/figure>\n<p>Festivalio programoje ypating\u0105 viet\u0105 u\u017e\u0117m\u0117 talentingi jaunosios kartos d\u017eiazo atlik\u0117jai <strong>Egl\u0117 Petro\u0161i\u016bt\u0117<\/strong> ir <strong>Marius Giedra (Lietuva), kartu su, \u201eHomeland Quartet\u201c (Lietuva\/Olandija)<\/strong>. J\u0173 pasirodymas atskleid\u0117 moderni\u0105 d\u017eiazo vizij\u0105, apjungian\u010di\u0105 subtilum\u0105, emocin\u012f gilum\u0105 ir technin\u012f virtuozi\u0161kum\u0105.<\/p>\n<p>Egl\u0117 Petro\u0161i\u016bt\u0117, pasi\u017eyminti unikaliu vokalu ir interpretacijos jausmingumu, \u012f d\u017eiazo pasaul\u012f \u012fne\u0161a nauj\u0173 spalv\u0173 ir dr\u0105sos eksperimentuoti. Grup\u0117\u00a0savo improvizacijomis ir k\u016brybi\u0161kumu paker\u0117jo publik\u0105 \u2013 suk\u016br\u0117 pasirodym\u0105, kuriame jaut\u0117si atlik\u0117j\u0173 muzikin\u0117s vizijos darnumas.<\/p>\n<figure id=\"attachment_293020\" aria-describedby=\"caption-attachment-293020\" style=\"width: 1230px\" class=\"wp-caption aligncenter\"><img decoding=\"async\" loading=\"lazy\" class=\"size-full wp-image-293020\" src=\"https:\/\/miestonaujienos.lt\/wp-content\/uploads\/2024\/11\/egle-petrosiute-and-marius-giedra-homeland-quartet-lt-nl-lietuva-olandija-nuotraukos-autorius-tomas-laugalis.jpg\" alt=\"\" width=\"1230\" height=\"820\" \/><figcaption id=\"caption-attachment-293020\" class=\"wp-caption-text\">Egl\u0117 Petro\u0161i\u016bt\u0117 and Marius Giedra \u201eHomeland Quartet\u201c LT-NL (Lietuva-Olandija) \u2013 Nuotraukos autorius Tomas Laugalis<\/figcaption><\/figure>\n<p>U\u017edarymo vakar\u0105 prad\u0117jo ispan\u0173 d\u017eiazo kolektyvas <strong>\u201eLa Local Jazz Band\u201c (Ispanija)<\/strong>. 2008 m. \u012fkurta grup\u0117, vadovaujama Miguelio Ram\u00edrezo ir Miqui Delgado, siekianti propaguoti d\u017eiazo muzik\u0105 ir prisid\u0117ti prie jos puosel\u0117jimo. J\u0173 pasirodymas su\u017eav\u0117jo klausytojus meistri\u0161kais improvizacij\u0173 ir tradicinio d\u017eiazo deriniais, atskleid\u017eiant d\u017eiazo muzikos universalum\u0105 ir geb\u0117jim\u0105 sujungti skirtingas kult\u016bras.<\/p>\n<figure id=\"attachment_293021\" aria-describedby=\"caption-attachment-293021\" style=\"width: 1230px\" class=\"wp-caption aligncenter\"><img decoding=\"async\" loading=\"lazy\" class=\"size-full wp-image-293021\" src=\"https:\/\/miestonaujienos.lt\/wp-content\/uploads\/2024\/11\/la-local-jazz-band-ispanija-nuotraukos-autorius-tomas-laugalis.jpg\" alt=\"\" width=\"1230\" height=\"820\" \/><figcaption id=\"caption-attachment-293021\" class=\"wp-caption-text\">\u201eLa Local Jazz Band\u201c (Ispanija) \u2013 Nuotraukos autorius Tomas Laugalis<\/figcaption><\/figure>\n<p>Festivalio kulminacija tapo \u0160iauli\u0173 funk \/ soul grup\u0117s <strong>\u201eGin&#8217;Gas\u201c<\/strong> pasirodymas. U\u017edarydami festival\u012f, grup\u0117 \u201eGin\u2019Gas\u201c pristat\u0117 nauj\u0105 savo album\u0105 \u201eReFunked PartOne\u201c, kuris publik\u0105 sugr\u0105\u017eina \u012f 70\u201380-\u0173j\u0173 funk\u2019o aukso am\u017ei\u0173.<\/p>\n<figure id=\"attachment_293022\" aria-describedby=\"caption-attachment-293022\" style=\"width: 1230px\" class=\"wp-caption aligncenter\"><img decoding=\"async\" loading=\"lazy\" class=\"size-full wp-image-293022\" src=\"https:\/\/miestonaujienos.lt\/wp-content\/uploads\/2024\/11\/gingas-lietuva-nuotraukos-autorius-tomas-laugalis.jpg\" alt=\"\" width=\"1230\" height=\"820\" \/><figcaption id=\"caption-attachment-293022\" class=\"wp-caption-text\">\u201eGin\u2019Gas\u201c (Lietuva) \u2013 Nuotraukos autorius Tomas Laugalis<\/figcaption><\/figure>\n<p>Grup\u0117s lyderis Rms Rks Funkit Ruokis ir komanda kartu su specialiu sve\u010diu \u2013 Latvijos trombonininku Lauris Amontovs \u2013 suk\u016br\u0117 tikr\u0105 muzikos \u0161vent\u0119, kurios metu skamb\u0117jo ir b\u016bsimo albumo antrosios dalies fragmentai.<\/p>\n<p>Grup\u0117 ne tik ne\u0161a funk ritm\u0105 \u012f Lietuvos muzikos scen\u0105, bet ir garsina \u0160iaulius \u2013 j\u0173 muzika skamb\u0117s b\u016bsimoje Rimanto Kmitos knygos ekranizacijoje <em>\u201ePietinia kronikas <sub>www.miestonaujienos.lt<\/sub>\u201c<\/em>.<\/p>\n<p><img decoding=\"async\" loading=\"lazy\" class=\"aligncenter size-full wp-image-293009\" src=\"https:\/\/miestonaujienos.lt\/wp-content\/uploads\/2024\/11\/1694431539-74325.jpg\" alt=\"\" width=\"1230\" height=\"1230\" \/><\/p>\n<h2 id='albumas-refunked-partone'><span class=\"ez-toc-section\" id=\"Albumas_%E2%80%9EReFunked_PartOne%E2%80%9C\"><\/span>Albumas \u201eReFunked PartOne\u201c<span class=\"ez-toc-section-end\"><\/span><\/h2>\n<p>\u201eGin&#8217;Gas\u201c <sub>www.discogs.com<\/sub> albumas \u2013 tai kelion\u0117 \u012f 7\u20138 de\u0161imtme\u010di\u0173 funk i\u0161takas. Jame persipina aktyvus soul skambesys, \u012fsimintinos melodijos, stipr\u016bs pu\u010diam\u0173j\u0173 rifai ir \u0161okin\u0117jan\u010dios sinkop\u0117s. Grup\u0117, siekdama autentikos, \u012fra\u0161\u0117 album\u0105 naudodama legendin\u012f Tascam juostin\u012f 24 kanal\u0173 magnetofon\u0105, o jo mastering\u0105 atliko gerai \u017einomas analoginio garso specialistas <strong>Vladas Straupas (AnalogFather)<\/strong>.<\/p>\n<\/p>\n<p>Albumas <sub>www.discogs.com<\/sub> k\u016bryba, prasid\u0117jusi dar iki 2022-\u0173j\u0173, susid\u016br\u0117 su pandemijos, ekonomini\u0173 nuosmuki\u0173 ir kit\u0173 i\u0161\u0161\u016bki\u0173 trukd\u017eiais, ta\u010diau po dvej\u0173 met\u0173 intensyvaus darbo rezultatas tapo muzikos gerb\u0117j\u0173 \u0161vente. Albume girdimos kompozitoriaus <strong>Jievaro Jasinskio<\/strong> tobulai sud\u0117liotos aran\u017euot\u0117s ir \u012fra\u0161ai, prie kuri\u0173 prisid\u0117jo muzikantai i\u0161 viso pasaulio.<\/p>\n<p><strong>K\u016briniai i\u0161 albumo<\/strong>: \u201eLink Funk\u2019o\u201c, \u201eSerialas\u201c, \u201eBanano Nano\u201c ir \u201eBrodvejus\u201c. Renginyje taip pat buvo pristatyti ir \u0161i\u0173 k\u016brini\u0173 remiksai, sukurti toki\u0173 atlik\u0117j\u0173 kaip Pete Roche ir Pablo MF.<\/p>\n<h3 id='album\u0105-pristat\u0117'><span class=\"ez-toc-section\" id=\"Albuma_pristate\"><\/span>Album\u0105 pristat\u0117<span class=\"ez-toc-section-end\"><\/span><\/h3>\n<ul>\n<li>Rms Rks Funkit Ruokis \u2013 tekstai, vokalai, prodiuseris<\/li>\n<li>Agn\u0117 Michalenkovait\u0117 \u2013 vokalai, pritariantieji vokalai<\/li>\n<li>Aleksandras \u201eVykis\u201c Jasaitis \u2013 gitaros<\/li>\n<li>Antanas Balsys \u2013 boso gitara<\/li>\n<li>Mindaugas Va\u0161kys \u2013 mu\u0161amieji<\/li>\n<li>Martynas \u0160iaulys \u2013 klavi\u0161iniai<\/li>\n<li>Dmitrij Levencov \u2013 trimitas<\/li>\n<li>Laimonas Urbikas \u2013 baritono saksofonas<\/li>\n<li>Ar\u016bnas Viduolis \u2013 tenorinis saksofonas<\/li>\n<li>Aurimas Povilaitis \u2013 perkusija<\/li>\n<li>Saul\u0117 Valiukait\u0117 ir Urt\u0117 Urbikait\u0117 \u2013 pritariantieji vokalai<\/li>\n<li>Specialus sve\u010dias \u2013 Latvijos trombonininkas <strong>Lauris Amontovas<\/strong>.<\/li>\n<\/ul>\n<h3 id='albumo-k\u016br\u0117jai'><span class=\"ez-toc-section\" id=\"Albumo_kurejai\"><\/span>Albumo k\u016br\u0117jai<span class=\"ez-toc-section-end\"><\/span><\/h3>\n<ul>\n<li><strong>Aran\u017euot\u0117s:<\/strong> Jievaras Jasinskis<\/li>\n<li><strong>K\u016brinio grafinis dizainas:<\/strong> Diana Kupryt\u0117<\/li>\n<li><strong>Vykdantysis prodiuseris, muzikos ir tekst\u0173 autorius, muzikantas, prodiuseris:<\/strong> Remigijus Funkit Ruokis<\/li>\n<li><strong>Analoginis garso masteringas:<\/strong> Vladas Straupas<\/li>\n<li><strong>Medijos masteringas:<\/strong> Paulius Jasi\u016bnas<\/li>\n<li><strong>Muzikos ir tekst\u0173 autoriai:<\/strong> Gin&#8217;Gas<\/li>\n<li><strong>Muzikantai:<\/strong>\n<ul>\n<li>Almantas Kare\u010dka<\/li>\n<li>Ar\u016bnas Viduolis<\/li>\n<li>Aurimas Povilaitis<\/li>\n<li>Dmitrijus Leventsovas<\/li>\n<li>Kasparas Petkus<\/li>\n<li>Kristina Jatautait\u0117<\/li>\n<li>Laimonas Urbikas<\/li>\n<li>Martynas \u0160iaulys<\/li>\n<li>Rasa Jomantien\u0117<\/li>\n<li>Saul\u0117 Valiukait\u0117<\/li>\n<li>Urt\u0117 Urbikait\u0117<\/li>\n<li>Valdas Surdokas<\/li>\n<li>Vykintas Aleksandras Jasaitis<\/li>\n<\/ul>\n<\/li>\n<li><strong>Prodiuseris, muzikantas:<\/strong> Gintautas Litinskas<\/li>\n<li><strong>\u012era\u0161\u0117 ir sumiksavo:<\/strong> Gintautas Litinskas (1\u20134 k\u016briniai)<\/li>\n<\/ul>\n<h2 id='afteris'><span class=\"ez-toc-section\" id=\"Pasekmes\"><\/span>Pasekm\u0117s<span class=\"ez-toc-section-end\"><\/span><\/h2>\n<p>Po pagrindini\u0173 koncert\u0173 festivalis t\u0119s\u0117si \u201eafterpartyje\u201c, kur <strong>DJ Vladas Funky House Madness<\/strong> (Vladas Straupas (AnalogFather)) savo funky ir house ritmais kviet\u0117 publik\u0105 \u0161okti. Tai buvo puiki proga \u0161okti, bendrauti ir atsisveikinti su festivaliu iki kit\u0173 met\u0173.<\/p>\n<p><strong>\u201e\u0160iauliai Jazz\u201c<\/strong> nuolat \u012frodo, kad d\u017eiazas yra kalba, kuri suvienija \u017emones ir leid\u017eia jiems patirti gryn\u0105 muzikos d\u017eiaugsm\u0105. Festivalis paliko stipr\u0173 \u012fsp\u016bd\u012f tiek klausytojams, tiek atlik\u0117jams, paversdamas \u0160iaulius d\u017eiazo ir funk\u2019o sostine.<\/p>\n<p><span style=\"font-size: 10pt\"><em>\u2022 Organizatorius: \u201eRemigijaus akcija\u201c, V\u0161\u012e<\/em><\/span><\/p>\n<hr \/>\n<p>\u0160iauliai jazz XXIII koncertus pristato Naktys, Sixteen.media, Interscalit. Didieji partneriai: Lietuvos Kult\u016bros Taryba ir \u0160iauli\u0173 miesto savivaldyb\u0117. Partneriai: Splius, Owexx, Generalis, Elga, Giftika, BasaMedia, AVA buhalterija, Linkana, \u0160iauli\u0173 kult\u016bros centras, Vilniustech, \u0160iauli\u0173 kra\u0161to \u017eyd\u0173 bendruomen\u0117, Restoranas \u201e\u017demaitis\u201c, 121 studija. Informaciniai partneriai: Balticum, Miesto naujienos, siauliaijazz.lt.<\/p>\n<p>\u0160ia publikacija dalinasi Lietuvos region\u0173 naujien\u0173 portalas \u201eMiesto naujienos\u201c. Daugiau sau ir savo miestui aktuali\u0173 naujien\u0173 rasite portale Miesto naujienos.<\/p>\n<p><br \/>\n<br \/><a href=\"https:\/\/miestonaujienos.lt\/gingas-albumo-refunked-partone-debiutas-uzdare-dziazo-festivali-siauliai-jazz-xxiii\/\">Source link <\/a><\/p>\n","protected":false},"excerpt":{"rendered":"<p>\u0160iauliai Jazz XXIII festivalis u\u017edar\u0117 duris, klausytoj\u0173 \u0161irdyse palikdamas nei\u0161dildomus \u012fsp\u016bd\u017eius. Trims dienoms \u0160iauli\u0173 kult\u016bros centro MAX&#8217;o sal\u0117s scena virto tarptautine d\u017eiazo ir funk\u2019o sala, kurioje susitiko talentai i\u0161 viso pasaulio. Festivalis i\u0161ry\u0161kino ne tik pasaulinio lygio muzikantus, bet ir vietos \u017evaig\u017edes, \u012ftvirtindamas savo pozicij\u0105 kaip vieno svarbiausi\u0173 Lietuvos d\u017eiazo rengini\u0173. Prisimenant festival\u012f \u0160iauliai Jazz [&hellip;]<\/p>\n","protected":false},"author":1,"featured_media":958,"comment_status":"","ping_status":"","sticky":false,"template":"","format":"standard","meta":{"om_disable_all_campaigns":false,"_monsterinsights_skip_tracking":false,"_monsterinsights_sitenote_active":false,"_monsterinsights_sitenote_note":"","_monsterinsights_sitenote_category":0,"footnotes":""},"categories":[4],"tags":[2144,2147,442,2149,2143,440,2146,2145,163,2148,493],"class_list":["post-957","post","type-post","status-publish","format-standard","has-post-thumbnail","hentry","category-pasaulio-naujienos","tag-albumo","tag-debiutas","tag-dziazo","tag-festivali","tag-gingas","tag-jazz","tag-partone","tag-refunked","tag-siauliai","tag-uzdare","tag-xxiii"],"aioseo_notices":[],"_links":{"self":[{"href":"https:\/\/pasaulioziniasklaida.lt\/index.php\/wp-json\/wp\/v2\/posts\/957","targetHints":{"allow":["GET"]}}],"collection":[{"href":"https:\/\/pasaulioziniasklaida.lt\/index.php\/wp-json\/wp\/v2\/posts"}],"about":[{"href":"https:\/\/pasaulioziniasklaida.lt\/index.php\/wp-json\/wp\/v2\/types\/post"}],"author":[{"embeddable":true,"href":"https:\/\/pasaulioziniasklaida.lt\/index.php\/wp-json\/wp\/v2\/users\/1"}],"replies":[{"embeddable":true,"href":"https:\/\/pasaulioziniasklaida.lt\/index.php\/wp-json\/wp\/v2\/comments?post=957"}],"version-history":[{"count":0,"href":"https:\/\/pasaulioziniasklaida.lt\/index.php\/wp-json\/wp\/v2\/posts\/957\/revisions"}],"wp:featuredmedia":[{"embeddable":true,"href":"https:\/\/pasaulioziniasklaida.lt\/index.php\/wp-json\/wp\/v2\/media\/958"}],"wp:attachment":[{"href":"https:\/\/pasaulioziniasklaida.lt\/index.php\/wp-json\/wp\/v2\/media?parent=957"}],"wp:term":[{"taxonomy":"category","embeddable":true,"href":"https:\/\/pasaulioziniasklaida.lt\/index.php\/wp-json\/wp\/v2\/categories?post=957"},{"taxonomy":"post_tag","embeddable":true,"href":"https:\/\/pasaulioziniasklaida.lt\/index.php\/wp-json\/wp\/v2\/tags?post=957"}],"curies":[{"name":"wp","href":"https:\/\/api.w.org\/{rel}","templated":true}]}}