{"id":991,"date":"2024-11-21T14:31:49","date_gmt":"2024-11-21T14:31:49","guid":{"rendered":"https:\/\/pasaulioziniasklaida.lt\/index.php\/2024\/11\/21\/izraelio-premjero-netanyahu-ir-buvusio-gynybos-sekretoriaus-gallanto-aresto-orderiai-isduoti-del-itariamu-karo-nusikaltimu-pasaulio-naujienos\/"},"modified":"2024-11-21T14:31:49","modified_gmt":"2024-11-21T14:31:49","slug":"izraelio-premjero-netanyahu-ir-buvusio-gynybos-sekretoriaus-gallanto-aresto-orderiai-isduoti-del-itariamu-karo-nusikaltimu-pasaulio-naujienos","status":"publish","type":"post","link":"https:\/\/pasaulioziniasklaida.lt\/index.php\/2024\/11\/21\/izraelio-premjero-netanyahu-ir-buvusio-gynybos-sekretoriaus-gallanto-aresto-orderiai-isduoti-del-itariamu-karo-nusikaltimu-pasaulio-naujienos\/","title":{"rendered":"Izraelio premjero Netanyahu ir buvusio gynybos sekretoriaus Gallanto are\u0161to orderiai i\u0161duoti d\u0117l \u012ftariam\u0173 karo nusikaltim\u0173 | Pasaulio naujienos"},"content":{"rendered":"<p> <br \/>\n<\/p>\n<div data-component-name=\"ui-article-body\" data-highlight-intro=\"true\">\n<p>Tarptautinis baud\u017eiamasis teismas (TBT) i\u0161dav\u0117 Izraelio ministro pirmininko Benjamino Netanyahu ir buvusio gynybos sekretoriaus Yoavo Gallanto are\u0161to orderius.<\/p>\n<p>orderiai skirti tariamiems karo nusikaltimams ir nusikaltimams \u017emoni\u0161kumui, susijusiems su karu <strong>Gaza<\/strong> kad <strong>Izraelis<\/strong> prad\u0117tas po spalio 7 d. \u201eHamas\u201c atak\u0173.<\/p>\n<p>Ministro pirmininko biuras parei\u0161k\u0117, kad jam ir Gallantui skirti orderiai yra \u201eantisemitiniai\u201c, o Izraelis \u201esu pasibjaur\u0117jimu atmeta absurdi\u0161kus ir melagingus veiksmus\u201c.<\/p>\n<p>Dar vienas orderis buvo i\u0161duotas Hamas lyderiui suimti <strong>Mohammedas Diabas Ibrahimas al Masri <\/strong>u\u017e karo nusikaltimus ir nusikaltimus \u017emoni\u0161kumui.<\/p>\n<p>Al Masri, taip pat \u017einomas kaip Mohammedas Deifas, buvo spalio 7 d. i\u0161puoli\u0173 sumanytojas.<\/p>\n<p>Neai\u0161ku, ar jis dar gyvas, <strong>po aviacijos antskryd\u017eio, kuris, anot Izraelio, \u0161iais metais j\u012f nu\u017eud\u0117<\/strong>.<\/p>\n<p>Nei Izraelis, nei JAV n\u0117ra TBT nariai. Izraelis atmet\u0117 teismo jurisdikcij\u0105 ir neigia \u012fvykd\u0119s karo nusikaltimus Gazos Ruo\u017ee.<\/p>\n<p>Buv\u0119s Izraelio ministras pirmininkas Naftali Bennett sak\u0117, kad orderiai Netanyahu ir Gallantui yra TBT \u201eg\u0117dos \u017eenklas\u201c.<\/p>\n<p>Teismas i\u0161 prad\u017ei\u0173 teig\u0117, kad gegu\u017e\u0119 siekia gauti are\u0161to orderius \u0161iems trims vyrams u\u017e \u012ftariamus nusikaltimus, o \u0161iandien paskelb\u0117, kad atmet\u0117 Izraelio pateiktus i\u0161\u0161\u016bkius ir i\u0161dav\u0117 are\u0161to orderius.<\/p>\n<p>Naujoji JK leiborist\u0173 vyriausyb\u0117 vasar\u0105 parei\u0161k\u0117, kad tai padarys <strong>neprie\u0161tarauti TBT teisei i\u0161duoti orderius<\/strong>.<\/p>\n<div class=\"sdc-article-widget sdc-article-image\">\n<figure class=\"sdc-article-image__figure\">\n<div class=\"sdc-article-image__wrapper\" data-aspect-ratio=\"16\/9\">\n          \n    <\/div><figcaption class=\"ui-media-caption\">\n        <span class=\"u-hide-visually\">Vaizdas:<\/span><br \/>\n        <span class=\"ui-media-caption__caption-text\">Benjaminas Netanyahu kalba JT Generalin\u0117je Asambl\u0117joje. Nuotrauka: Reuters<br \/>\n        <\/span><br \/>\n      <\/figcaption><\/figure>\n<\/div>\n<p><strong>Netanyahu ir Gallanto orderiai<\/strong><\/p>\n<p>Savo atnaujintame TBT nurod\u0117 rad\u0119s \u201epagr\u012fst\u0105 pagrind\u0105 manyti\u201c, kad B. Netanyahu ir Gallantas \u201enesa baud\u017eiamoji atsakomyb\u0117\u201c u\u017e tariamus nusikaltimus.<\/p>\n<p>Tai, pasak teismo, apima \u201ekarin\u012f bado nusikaltim\u0105 kaip karo metod\u0105; nusikaltimus \u017emoni\u0161kumui \u2013 \u017emog\u017eudyst\u0119, persekiojim\u0105 ir kitus ne\u017emoni\u0161kus veiksmus\u201c.<\/p>\n<p>Netanyahu anks\u010diau kalb\u0117jo apie savo <strong>\u201epasibjaur\u0117jimas\u201c TBT si\u016blymu pra\u0161yti jo are\u0161to orderio<\/strong>.<\/p>\n<p><strong>Skaityti daugiau:<br \/>\u201eHamas\u201c pasiruo\u0161\u0119s nedelsiant u\u017etikrinti paliaubas<br \/>Netanyahu ir Trumpas \u201emato akis \u012f ak\u012f\u201c Iranui<\/strong><\/p>\n<div class=\"sdc-article-widget sdc-article-image\">\n<figure class=\"sdc-article-image__figure\">\n<div class=\"sdc-article-image__wrapper\" data-aspect-ratio=\"16\/9\">\n          <img decoding=\"async\" class=\"sdc-article-image__item\" loading=\"lazy\" intrinsicsize=\"768x432\" src=\"https:\/\/e3.365dm.com\/23\/10\/768x432\/skynews-mohammed-deif-hamas_6316299.jpg?20231010094113\" srcset=\"https:\/\/e3.365dm.com\/23\/10\/384x216\/skynews-mohammed-deif-hamas_6316299.jpg?20231010094113 380w, https:\/\/e3.365dm.com\/23\/10\/768x432\/skynews-mohammed-deif-hamas_6316299.jpg?20231010094113 760w, https:\/\/e3.365dm.com\/23\/10\/1600x900\/skynews-mohammed-deif-hamas_6316299.jpg?20231010094113 1024w, https:\/\/e3.365dm.com\/23\/10\/2048x1152\/skynews-mohammed-deif-hamas_6316299.jpg?20231010094113 2048w\" sizes=\"(min-width: 1024px) 1024px, 100vw\" alt=\"Vaizdo \u012fra\u0161u padarytame faile, kur\u012f 2005 m. rugpj\u016b\u010dio 26 d. paskelb\u0117 kovotoj\u0173 grupuot\u0117 \u201eHamas\u201c, pavaizduotas vyras, \u012fvardytas kaip pab\u0117g\u0119s bomb\u0173 gamintojas Mohammedas Deifas. Nuotrauka: AP\"\/>\n    <\/div><figcaption class=\"ui-media-caption\">\n        <span class=\"u-hide-visually\">Vaizdas:<\/span><br \/>\n        <span class=\"ui-media-caption__caption-text\">2005 m. \u201eHamas\u201c i\u0161platintame vaizdo \u012fra\u0161e matomas vyras, \u012fvardytas kaip Mohammedas Deifas. Nuotrauka: AP<br \/>\n        <\/span><br \/>\n      <\/figcaption><\/figure>\n<\/div>\n<p><strong>\u201eHamas\u201c lyderio orderis<\/strong><\/p>\n<p>TBT taip pat paskelb\u0117 i\u0161dav\u0119s Hamas lyderio Al Masri are\u0161to order\u012f, sakydamas, kad turi \u201epagr\u012fst\u0173 prie\u017eas\u010di\u0173 manyti\u201c, kad jis yra atsakingas u\u017e nusikaltimus \u017emoni\u0161kumui, \u012fskaitant \u017emog\u017eudystes, naikinim\u0105, kankinimus, i\u0161\u017eaginim\u0105, taip pat karo nusikaltimus, \u012fskaitant \u012fkait\u0173 pa\u0117mim\u0105. .<\/p>\n<p>Aptardamas spalio 7 d. i\u0161puolius, teismas sak\u0117: \u201eAtsi\u017evelgdamas \u012f koordinuotas civili\u0173 nari\u0173 \u017eudynes keliose skirtingose \u200b\u200bvietose, kolegija taip pat nustat\u0117, kad toks elgesys buvo masinio civili\u0173 gyventoj\u0173 \u017eudymo dalis. tod\u0117l padar\u0117 i\u0161vad\u0105, kad yra pagr\u012fstas pagrindas manyti, kad buvo padarytas naikinimo nusikaltimas \u017emoni\u0161kumui\u201c.<\/p>\n<p>Savo parei\u0161kime TBT nurod\u0117, kad prokurat\u016bra negali nustatyti, ar Al Masri yra mir\u0119s, ar gyvas, tod\u0117l i\u0161dav\u0117 are\u0161to order\u012f.<\/p>\n<p>Teismas anks\u010diau teig\u0117, kad siekia suimti Ismail\u0105 Haniyeh\u0105, \u201eHamas\u201c lyder\u012f. <strong>v\u0117liau liepos m\u0117n<\/strong>.<\/p>\n<div class=\"sdc-article-widget sdc-article-factbox\">\n<div class=\"sdc-article-factbox__text-wrapper\">\n<p><h4 class=\"sdc-article-factbox__title\">Tai niekada nepaliks Netanyahu<\/h4>\n<\/p>\n<p class=\"sdc-article-factbox__text\">Tarptautinis baud\u017eiamasis teismas (TBT) i\u0161dav\u0117 tris are\u0161to orderius, ta\u010diau du reik\u0161mingiausi yra skirti Benjaminui Netanyahu ir Yoavui Gallantui.<\/p>\n<p class=\"sdc-article-factbox__text\">Teismas savo parei\u0161kime nurod\u0117, kad turi pagr\u012fst\u0105 pagrind\u0105 manyti, kad \u0161ie du vyrai \u012fvykd\u0117 karo nusikaltim\u0105 badu kaip karo metod\u0105 ir nusikaltimus \u017emoni\u0161kumui \u2013 \u017emog\u017eudystes, persekiojimus ir kitus ne\u017emoni\u0161kus veiksmus. <\/p>\n<p class=\"sdc-article-factbox__text\">Nuo tada, kai pirm\u0105 kart\u0105 buvo ie\u0161koma are\u0161to orderi\u0173, kilo daug teisini\u0173 i\u0161\u0161\u016bki\u0173. Ta\u010diau teismas visa tai atmet\u0117 ir dabar i\u0161dav\u0117 \u0161iuos are\u0161to orderius.<\/p>\n<p class=\"sdc-article-factbox__text\">Taigi k\u0105 tai rei\u0161kia? Na, prakti\u0161kai tai reik\u0161t\u0173, kad Benjaminas Netanyahu ir Yoav Gallant negal\u0117jo keliauti \u012f joki\u0105 valstyb\u0119, kuri yra TBT signatar\u0117 \u2013 apie 120 pasaulio \u0161ali\u0173, \u012fskaitant JK ir daugel\u012f Europos \u0161ali\u0173. <\/p>\n<p class=\"sdc-article-factbox__text\">Jei Netanyahu vykt\u0173 \u012f kuri\u0105 nors i\u0161 t\u0173 \u0161ali\u0173, j\u012f tur\u0117t\u0173 suimti t\u0173 \u0161ali\u0173 policijos paj\u0117gos. Ir bus labai \u012fdomu pamatyti, kokia sero Keiro Starmerio reakcija \u012f tai. <\/p>\n<p class=\"sdc-article-factbox__text\">Ta\u010diau JAV, artimiausia Izraelio s\u0105junginink\u0117, n\u0117ra TBT pasira\u0161iusi. Manau, kad Netanyahu tur\u0117s param\u0105 kitoje Atlanto pus\u0117je. <\/p>\n<p class=\"sdc-article-factbox__text\">Be to, \u0161ie TBT are\u0161to orderiai ne visada vykdomi. Mat\u0117me, kad prezidentas Vladimiras Putinas, kuriam po invazijos \u012f Ukrain\u0105 buvo i\u0161duotas are\u0161to orderis, prie\u0161 por\u0105 m\u0117nesi\u0173 keliavo \u012f Mongolij\u0105 ir nieko nebuvo daroma. <\/p>\n<p class=\"sdc-article-factbox__text\">Ta\u010diau kalbant apie Benjamino Netanyahu ir Yoav Gallanto reputacij\u0105, kalbant apie \u0161\u012f palikim\u0105, jie dabar yra ie\u0161komi \u012ftariamieji, nori b\u016bti teisiami u\u017e karo nusikaltimus. Ir tai yra etiket\u0117, kuri niekada j\u0173 nepaliks.<\/p>\n<\/p><\/div>\n<\/div><\/div>\n<p><br \/>\n<br \/><a href=\"https:\/\/news.sky.com\/story\/arrest-warrants-issued-for-israeli-pm-netanyahu-and-former-defence-secretary-gallant-over-alleged-war-crimes-13257801\">Source link <\/a><\/p>\n","protected":false},"excerpt":{"rendered":"<p>Tarptautinis baud\u017eiamasis teismas (TBT) i\u0161dav\u0117 Izraelio ministro pirmininko Benjamino Netanyahu ir buvusio gynybos sekretoriaus Yoavo Gallanto are\u0161to orderius. orderiai skirti tariamiems karo nusikaltimams ir nusikaltimams \u017emoni\u0161kumui, susijusiems su karu Gaza kad Izraelis prad\u0117tas po spalio 7 d. \u201eHamas\u201c atak\u0173. Ministro pirmininko biuras parei\u0161k\u0117, kad jam ir Gallantui skirti orderiai yra \u201eantisemitiniai\u201c, o Izraelis \u201esu pasibjaur\u0117jimu [&hellip;]<\/p>\n","protected":false},"author":1,"featured_media":992,"comment_status":"","ping_status":"","sticky":false,"template":"","format":"standard","meta":{"om_disable_all_campaigns":false,"_monsterinsights_skip_tracking":false,"_monsterinsights_sitenote_active":false,"_monsterinsights_sitenote_note":"","_monsterinsights_sitenote_category":0,"footnotes":""},"categories":[4],"tags":[2239,2236,83,2238,389,2241,2190,19,380,24,66,1400,2240,23,2235,2237],"class_list":["post-991","post","type-post","status-publish","format-standard","has-post-thumbnail","hentry","category-pasaulio-naujienos","tag-aresto","tag-buvusio","tag-del","tag-gallanto","tag-gynybos","tag-isduoti","tag-itariamu","tag-izraelio","tag-karo","tag-naujienos","tag-netanyahu","tag-nusikaltimu","tag-orderiai","tag-pasaulio","tag-premjero","tag-sekretoriaus"],"aioseo_notices":[],"_links":{"self":[{"href":"https:\/\/pasaulioziniasklaida.lt\/index.php\/wp-json\/wp\/v2\/posts\/991","targetHints":{"allow":["GET"]}}],"collection":[{"href":"https:\/\/pasaulioziniasklaida.lt\/index.php\/wp-json\/wp\/v2\/posts"}],"about":[{"href":"https:\/\/pasaulioziniasklaida.lt\/index.php\/wp-json\/wp\/v2\/types\/post"}],"author":[{"embeddable":true,"href":"https:\/\/pasaulioziniasklaida.lt\/index.php\/wp-json\/wp\/v2\/users\/1"}],"replies":[{"embeddable":true,"href":"https:\/\/pasaulioziniasklaida.lt\/index.php\/wp-json\/wp\/v2\/comments?post=991"}],"version-history":[{"count":0,"href":"https:\/\/pasaulioziniasklaida.lt\/index.php\/wp-json\/wp\/v2\/posts\/991\/revisions"}],"wp:featuredmedia":[{"embeddable":true,"href":"https:\/\/pasaulioziniasklaida.lt\/index.php\/wp-json\/wp\/v2\/media\/992"}],"wp:attachment":[{"href":"https:\/\/pasaulioziniasklaida.lt\/index.php\/wp-json\/wp\/v2\/media?parent=991"}],"wp:term":[{"taxonomy":"category","embeddable":true,"href":"https:\/\/pasaulioziniasklaida.lt\/index.php\/wp-json\/wp\/v2\/categories?post=991"},{"taxonomy":"post_tag","embeddable":true,"href":"https:\/\/pasaulioziniasklaida.lt\/index.php\/wp-json\/wp\/v2\/tags?post=991"}],"curies":[{"name":"wp","href":"https:\/\/api.w.org\/{rel}","templated":true}]}}